{"id":18884,"date":"2025-08-28T07:55:03","date_gmt":"2025-08-28T11:55:03","guid":{"rendered":"https:\/\/samantharadionline.com\/?p=18884"},"modified":"2025-08-28T07:55:03","modified_gmt":"2025-08-28T11:55:03","slug":"la-deshumanizacion-del-acto-medico","status":"publish","type":"post","link":"https:\/\/samantharadionline.com\/index.php\/2025\/08\/28\/la-deshumanizacion-del-acto-medico\/","title":{"rendered":"La deshumanizaci\u00f3n del acto m\u00e9dico"},"content":{"rendered":"\n<p>Por: Milc\u00edades Marino Rom\u00e1n Pimentel<\/p>\n\n\n\n<p>El alma de la medicina est\u00e1 en juego. Hay escenas que se repiten a diario en los hospitales y que, con el tiempo, dejan de parecernos extra\u00f1as. M\u00e9dicos que apenas levantan la vista del teclado, pacientes que esperan con la mirada perdida, familiares que preguntan sin encontrar respuestas. Como internista en ejercicio y director de la Escuela de Medicina de la Universidad Cat\u00f3lica Nordestana, lo veo con inquietud: estamos perdiendo, poco a poco, el alma del Acto M\u00e9dico.<\/p>\n\n\n\n<p><strong>M\u00e1s consultas, menos contacto humano<\/strong><\/p>\n\n\n\n<p>Las cifras oficiales nos hablan de logros. El Ministerio de Salud P\u00fablica reporta que en 2024 se ofrecieron m\u00e1s de 40 millones de atenciones m\u00e9dicas. Son n\u00fameros que impresionan y que muestran avances en cobertura y acceso, pero la medicina no se mide solo con estad\u00edsticas. \u00bfDe qu\u00e9 sirve atender m\u00e1s, si escuchamos menos? \u00bfDe qu\u00e9 sirve curar cuerpos, si olvidamos acompa\u00f1ar personas?<\/p>\n\n\n\n<p>La exministra Dra. Altagracia Guzm\u00e1n Marcelino lo expres\u00f3 con claridad: \u201cLa deshumanizaci\u00f3n es tan frecuente que cuando un usuario encuentra un personal amable, emp\u00e1tico y que le escucha, sale del servicio doblemente satisfecho, cuando eso deber\u00eda ser la norma\u201d. En hospitales como el Dar\u00edo Contreras, sus propios directivos admiten que las quejas por trato impersonal son frecuentes. Y lo confirmo en mi pr\u00e1ctica diaria: demasiados pacientes se sienten reducidos a un expediente, a una cama, a un diagn\u00f3stico.<\/p>\n\n\n\n<p><strong>\u00bfD\u00f3nde se fractur\u00f3 el v\u00ednculo m\u00e9dico-paciente?<\/strong><\/p>\n\n\n\n<p>No culpo a los m\u00e9dicos j\u00f3venes, ni mucho menos. Muchos de ellos ingresaron a la profesi\u00f3n con una vocaci\u00f3n genuina, pero el sistema \u2014con su presi\u00f3n por producir m\u00e1s, por reducir tiempos, por convertir la consulta en un tr\u00e1mite\u2014 los empuja a priorizar la eficiencia sobre la relaci\u00f3n humana y, si en la formaci\u00f3n de posgrado no se refuerzan los valores, es f\u00e1cil que la balanza se incline hacia lo pr\u00e1ctico, no hacia lo humano.<\/p>\n\n\n\n<p><strong>Un ant\u00eddoto: el Humanismo Cristiano<\/strong><\/p>\n\n\n\n<p>\u00bfTiene remedio esta fractura? Yo creo que s\u00ed. Y empieza en las aulas. En la Universidad Cat\u00f3lica Nordestana promovemos una visi\u00f3n basada en el Humanismo Cristiano, que no es un concepto abstracto, sino un compromiso real: reconocer que cada paciente es una persona \u00fanica, con cuerpo, mente, emociones y esp\u00edritu. Un ser que sufre y que espera ser escuchado.<\/p>\n\n\n\n<p>Para lograrlo, la educaci\u00f3n m\u00e9dica necesita algo m\u00e1s que ciencia. Necesita humanidades, Filosof\u00eda, \u00e9tica, literatura, arte. Un m\u00e9dico que ha le\u00eddo a Garc\u00eda M\u00e1rquez o que reflexiona sobre bio\u00e9tica comprende mejor la historia detr\u00e1s del dolor, porque cada enfermedad tiene una narrativa y, cada paciente, quiere que alguien lo escuche.<\/p>\n\n\n\n<p><strong>Humanizar la eficiencia, no sacrificarla<\/strong><\/p>\n\n\n\n<p>No propongo retroceder ni desmontar los avances en cobertura. Lo que propongo es humanizar la eficiencia. Volver a sentarnos al borde de la cama, a mirar a los ojos, a escuchar la angustia detr\u00e1s del s\u00edntoma. Recordar que nuestra profesi\u00f3n no solo se trata de curar cuando es posible, sino de aliviar siempre y consolar sin condiciones.<\/p>\n\n\n\n<p>La medicina dominicana no necesita solo m\u00e1s recursos o mejores indicadores. Necesita recuperar su alma. Y eso empieza por nosotros, los m\u00e9dicos y formadores, que debemos ense\u00f1ar y vivir lo esencial: que el paciente no es un caso, es un rostro y que el cuidado, antes que un deber, es un acto de amor.<\/p>\n\n\n\n<p><em>El autor es m\u00e9dico internista y director de la Escuela de Medicina de la Universidad Cat\u00f3lica Nordestana (UCNE).<\/em><\/p>\n","protected":false},"excerpt":{"rendered":"<p>Por: Milc\u00edades Marino Rom\u00e1n Pimentel El alma de la medicina est\u00e1 en juego. Hay escenas<\/p>\n","protected":false},"author":1,"featured_media":18885,"comment_status":"open","ping_status":"open","sticky":false,"template":"","format":"standard","meta":{"footnotes":""},"categories":[13],"tags":[],"class_list":["post-18884","post","type-post","status-publish","format-standard","has-post-thumbnail","hentry","category-opinion"],"_links":{"self":[{"href":"https:\/\/samantharadionline.com\/index.php\/wp-json\/wp\/v2\/posts\/18884","targetHints":{"allow":["GET"]}}],"collection":[{"href":"https:\/\/samantharadionline.com\/index.php\/wp-json\/wp\/v2\/posts"}],"about":[{"href":"https:\/\/samantharadionline.com\/index.php\/wp-json\/wp\/v2\/types\/post"}],"author":[{"embeddable":true,"href":"https:\/\/samantharadionline.com\/index.php\/wp-json\/wp\/v2\/users\/1"}],"replies":[{"embeddable":true,"href":"https:\/\/samantharadionline.com\/index.php\/wp-json\/wp\/v2\/comments?post=18884"}],"version-history":[{"count":1,"href":"https:\/\/samantharadionline.com\/index.php\/wp-json\/wp\/v2\/posts\/18884\/revisions"}],"predecessor-version":[{"id":18886,"href":"https:\/\/samantharadionline.com\/index.php\/wp-json\/wp\/v2\/posts\/18884\/revisions\/18886"}],"wp:featuredmedia":[{"embeddable":true,"href":"https:\/\/samantharadionline.com\/index.php\/wp-json\/wp\/v2\/media\/18885"}],"wp:attachment":[{"href":"https:\/\/samantharadionline.com\/index.php\/wp-json\/wp\/v2\/media?parent=18884"}],"wp:term":[{"taxonomy":"category","embeddable":true,"href":"https:\/\/samantharadionline.com\/index.php\/wp-json\/wp\/v2\/categories?post=18884"},{"taxonomy":"post_tag","embeddable":true,"href":"https:\/\/samantharadionline.com\/index.php\/wp-json\/wp\/v2\/tags?post=18884"}],"curies":[{"name":"wp","href":"https:\/\/api.w.org\/{rel}","templated":true}]}}