{"id":18881,"date":"2025-08-28T07:51:43","date_gmt":"2025-08-28T11:51:43","guid":{"rendered":"https:\/\/samantharadionline.com\/?p=18881"},"modified":"2025-08-28T07:51:44","modified_gmt":"2025-08-28T11:51:44","slug":"el-beisbol-el-boxeo-y-la-cronica-deportiva-lloran-a-juan-baez","status":"publish","type":"post","link":"https:\/\/samantharadionline.com\/index.php\/2025\/08\/28\/el-beisbol-el-boxeo-y-la-cronica-deportiva-lloran-a-juan-baez\/","title":{"rendered":"El b\u00e9isbol, el boxeo y la cr\u00f3nica deportiva lloran a Juan B\u00e1ez"},"content":{"rendered":"\n<p class=\"has-medium-font-size\"><em>Sus restos ser\u00e1n expuestos hoy desde las 10:00 a.m. en la Funeraria Protectora La Altagracia (LR) y el sepelio el\u00a0 viernes a las 4:00 de la tarde en el Cementerio Municipal de La Romana<\/em><\/p>\n\n\n\n<p><strong>Sant Domingo, RD<\/strong><\/p>\n\n\n\n<p><strong>Otra de las principales<\/strong>&nbsp;voces de la narraci\u00f3n, de la cr\u00f3nica deportiva dominicana, se ha apagado.<\/p>\n\n\n\n<p><strong>Los amantes del b\u00e9isbol<\/strong>&nbsp;y del boxeo le echar\u00e1n de menos a Juan B\u00e1ez, quien falleci\u00f3 seis meses despu\u00e9s de Mendy L\u00f3pez. Ambos destacados miembros de la generaci\u00f3n que continu\u00f3 trillando el camino dejado por los excelsos Billy Berroa, Lil\u00edn D\u00edaz y F\u00e9lix Acosta N\u00fa\u00f1ez, la raza inmortal de la narraci\u00f3n del pa\u00eds.<\/p>\n\n\n\n<p><strong>\u00ab\u00a1Venga para que lo vea!\u00bb,<\/strong>&nbsp;sol\u00eda decir Juan B\u00e1ez cuando el juego de b\u00e9isbol o la pelea de boxeo&nbsp;<strong>alcanzaba el climax.<\/strong><\/p>\n\n\n\n<h3 class=\"wp-block-heading\">reacci\u00f3n<\/h3>\n\n\n\n<p><strong>La junta directiva,<\/strong>&nbsp;staff de transmisi\u00f3n y todo el personal de los Toros del Este se une al dolor de sus hijos Manuela, Josy y Juan Julio B\u00e1ez Contreras, as\u00ed como a los dem\u00e1s familiares, amigos y toda la familia deportiva, elevando nuestras oraciones por su eterno descanso.<\/p>\n\n\n\n<p>.<\/p>\n\n\n\n<p><strong>\u201cCon profundo dolor<\/strong>&nbsp;les anunci\u00f3 la partida de mi padre Juan B\u00e1ez. En la ma\u00f1ana de hoy le dio un paro card\u00edaco en el Centro M\u00e9dico UCE\u201d, inform\u00f3 en su cuenta de X (twitter)&nbsp;<strong>su hijo Juan Julio B\u00e1ez,<\/strong>&nbsp;destacado narrador tambi\u00e9n de la cadena de los Toros.<\/p>\n\n\n\n<p><strong>De privilegiada y bien timbrada voz<\/strong>, el veterano profesional del micr\u00f3fono romanense pase\u00f3 su calidad por diversos pa\u00edses latinoamericanos, europeos, asi\u00e1ticos y africanos, transmitiendo combates box\u00edsticos de<strong>&nbsp;Mohamed Ali, George Foreman,<\/strong>&nbsp;Joe Frazier, Sugar Ray Leonar, Roberto \u2013 Mano de Piedra Dur\u00e1n, Thomas Hearn, la memorable pelea entre Miguel Montilla y Antonio Cervantes \u201cKid Pambel\u00e9\u201d en el Madison Square Garden en Nueva York, entre otros grandes eventos del boxeo mundial.<\/p>\n\n\n\n<p><strong>Tambi\u00e9n fue uno<\/strong>&nbsp;de los primeros dominicanos en conseguir acreditaci\u00f3n como juez internacional de boxeo.<\/p>\n\n\n\n<p>Asimismo, form\u00f3 parte durante varios a\u00f1os de la&nbsp;<strong>cadena radial en espa\u00f1ol<\/strong>&nbsp;de los Medias Rojas de Boston.<\/p>\n\n\n\n<h3 class=\"wp-block-heading\">lidom lamenta<\/h3>\n\n\n\n<p><strong>\u201cCon la partida de Juan B\u00e1ez<\/strong>, el b\u00e9isbol dominicano pierde una voz de gran trayectoria y credibilidad, pero sobre todo un hombre que se entreg\u00f3 a su profesi\u00f3n con pasi\u00f3n y respeto. Su legado quedar\u00e1 en la memoria de los fan\u00e1ticos y en las transmisiones que marcaron \u00e9poca\u201d, expres\u00f3&nbsp;<strong>Vitelio Mej\u00eda Ortiz,&nbsp;<\/strong>presidente de la Liga de B\u00e9isbol Profesional de la Rep\u00fablica Dominicana (Lidom).<\/p>\n\n\n\n<p>&nbsp;\u201cLa Asociaci\u00f3n de Cronistas Deportivos de Santo Domingo s<strong>e siente altamente consternada<\/strong>&nbsp;con la sorpresiva muerte de uno de nuestros m\u00e1s distinguidos miembros en la persona de<strong>&nbsp;don Juan B\u00e1ez, narrador<\/strong>&nbsp;de primer nivel, hombre culto, un gremialista a carta cabal y un hombre que supo llevar una carrera como narrador y como juez de boxeo internacional al m\u00e1s alto nivel. La cr\u00f3nica deportiva hoy est\u00e1 de luto porque pierde sin dudas a uno de sus mejores hombres\u201d, lament\u00f3 Am\u00e9rico Celado, presidente de la benem\u00e9rita entidad<\/p>\n\n\n\n<p><strong>Las Estrellas Orientales<\/strong>&nbsp;tambi\u00e9n lamentaron el deceso de Juan B\u00e1ez, con quien narr\u00f3 antes de unirse a los Toros en1983.<\/p>\n\n\n\n<p>\u201cLas Estrellas se unen al dolor que embarga a la familia del&nbsp;<strong>veterano narrador<\/strong>&nbsp;Juan Ba\u00e9z y a la fanaticada del equipo Toros del Este por el fallecimiento de ese gran cronista deportivo, cuya desaparici\u00f3n f\u00edsica enluta a todo el b\u00e9isbol profesional dominicano\u201d, se\u00f1ala en la nota el equipo de la ense\u00f1a verde.<\/p>\n\n\n\n<p><strong>Am\u00f3s Anglada,&nbsp;<\/strong>comentarista de la cadena radial de los Toros y presidente de la Asociaci\u00f3n de Cronistas Deportivos de La Romana, resalt\u00f3 que el periodismo deportivo acaba de perder uno de sus pilares m\u00e1s importantes, un \u00edcono del buen periodismo, de la buena cr\u00f3nica, un narrador de primer nivel, un hombre culto, un hombre preparado, siempre dispuesto a transferir sus conocimientos a los m\u00e1s j\u00f3venes.<\/p>\n","protected":false},"excerpt":{"rendered":"<p>Sus restos ser\u00e1n expuestos hoy desde las 10:00 a.m. en la Funeraria Protectora La Altagracia<\/p>\n","protected":false},"author":1,"featured_media":18882,"comment_status":"open","ping_status":"open","sticky":false,"template":"","format":"standard","meta":{"footnotes":""},"categories":[14],"tags":[],"class_list":["post-18881","post","type-post","status-publish","format-standard","has-post-thumbnail","hentry","category-deportes"],"_links":{"self":[{"href":"https:\/\/samantharadionline.com\/index.php\/wp-json\/wp\/v2\/posts\/18881","targetHints":{"allow":["GET"]}}],"collection":[{"href":"https:\/\/samantharadionline.com\/index.php\/wp-json\/wp\/v2\/posts"}],"about":[{"href":"https:\/\/samantharadionline.com\/index.php\/wp-json\/wp\/v2\/types\/post"}],"author":[{"embeddable":true,"href":"https:\/\/samantharadionline.com\/index.php\/wp-json\/wp\/v2\/users\/1"}],"replies":[{"embeddable":true,"href":"https:\/\/samantharadionline.com\/index.php\/wp-json\/wp\/v2\/comments?post=18881"}],"version-history":[{"count":1,"href":"https:\/\/samantharadionline.com\/index.php\/wp-json\/wp\/v2\/posts\/18881\/revisions"}],"predecessor-version":[{"id":18883,"href":"https:\/\/samantharadionline.com\/index.php\/wp-json\/wp\/v2\/posts\/18881\/revisions\/18883"}],"wp:featuredmedia":[{"embeddable":true,"href":"https:\/\/samantharadionline.com\/index.php\/wp-json\/wp\/v2\/media\/18882"}],"wp:attachment":[{"href":"https:\/\/samantharadionline.com\/index.php\/wp-json\/wp\/v2\/media?parent=18881"}],"wp:term":[{"taxonomy":"category","embeddable":true,"href":"https:\/\/samantharadionline.com\/index.php\/wp-json\/wp\/v2\/categories?post=18881"},{"taxonomy":"post_tag","embeddable":true,"href":"https:\/\/samantharadionline.com\/index.php\/wp-json\/wp\/v2\/tags?post=18881"}],"curies":[{"name":"wp","href":"https:\/\/api.w.org\/{rel}","templated":true}]}}