{"id":18877,"date":"2025-08-28T07:48:53","date_gmt":"2025-08-28T11:48:53","guid":{"rendered":"https:\/\/samantharadionline.com\/?p=18877"},"modified":"2025-08-28T07:48:54","modified_gmt":"2025-08-28T11:48:54","slug":"turismo-con-taxi-volador-sin-piloto","status":"publish","type":"post","link":"https:\/\/samantharadionline.com\/index.php\/2025\/08\/28\/turismo-con-taxi-volador-sin-piloto\/","title":{"rendered":"\u00a0Turismo con taxi volador sin piloto"},"content":{"rendered":"\n<p class=\"has-medium-font-size\"><em>Karim Abu Naba, cada drone tiene un costo de 500 mil d\u00f3lares. Adem\u00e1s, explic\u00f3 que entidades gubernamentales han favorecido la iniciativa de implementar \u201ctaxi drone\u201d<\/em><\/p>\n\n\n\n<figure class=\"wp-block-image\"><img decoding=\"async\" src=\"https:\/\/listindiario.com\/files\/image_60_60\/uploads\/2025\/01\/21\/678fb75857033.png\" alt=\"Avatar del Elkys Cruz\"\/><\/figure>\n\n\n\n<p><em>\u00a0<\/em>Elkys Cruz, <strong>Santo Domingo, RD\u00a0<\/strong><\/p>\n\n\n\n<p>Con la idea de modernizar el sector tur\u00edstico y reducir las horas de congesti\u00f3n vehicular, ponen en marcha el primer \u201c<strong>taxi drone<\/strong>\u201d en&nbsp;<strong>Rep\u00fablica Dominicana<\/strong>. Una idea del empresario&nbsp;<strong>Karim Abu Naba<\/strong>, apodado \u201c<strong>Pr\u00edncipe Karim<\/strong>\u201d.<\/p>\n\n\n\n<p>En conversaci\u00f3n con<strong>&nbsp;List\u00edn Diario<\/strong>, revel\u00f3 que la iniciativa surge luego de haber visto modelos similares en otros pa\u00edses como Corea del Sur y Estados Unidos; sin embargo, ninguno de estos le produjo m\u00e1s satisfacci\u00f3n como los de China, en el continente asi\u00e1tico.<\/p>\n\n\n\n<p>\u201cEs una idea que planeaba hace muchos a\u00f1os. Viaj\u00e9 al mundo entero, vi (<strong>drone volador<\/strong>) de los&nbsp;<strong>Estados Unidos<\/strong>, no me gust\u00f3, el de&nbsp;<strong>Corea del Sur<\/strong>, y no me gust\u00f3, hasta que fui a China y vi la \u00faltima tecnolog\u00eda, la m\u00e1s eficiente\u201d, expres\u00f3 durante la entrevista. Sin embargo, detall\u00f3 que modelos como estos tambi\u00e9n est\u00e1n disponibles en M\u00e9xico y Brasil, pero no est\u00e1n en funcionamiento.<\/p>\n\n\n\n<p>Asimismo, indic\u00f3 que, a pesar de contar con un solo ejemplar por el momento, pretende tener 12 del mismo modelo. Esto con el objetivo de que el transporte a\u00e9reo se expanda a los distintos puntos del pa\u00eds.<\/p>\n\n\n\n<p>Esta ruta pretende iniciar en algunos puntos importantes del pa\u00eds como Saman\u00e1, Bah\u00eda de las \u00c1guilas, Monte Cristi, Punta Cana, Santiago, Puerto Plata, Pedernales, Distrito Nacional, pero luego de su implementaci\u00f3n se extender\u00e1 en las 32 provincias del pa\u00eds.<\/p>\n\n\n\n<figure class=\"wp-block-image\" id=\"m17419-17418-17420\"><img decoding=\"async\" src=\"https:\/\/listindiario.com\/files\/vertical_main_image\/uploads\/2025\/08\/27\/68af9ce69ca2e.jpeg\" alt=\"Eddy Matos y Karim Abu Naba explican sobre la tenolog\u00eda del drone que usar\u00e1n para transportar turistas.\"\/><figcaption class=\"wp-element-caption\">Eddy Matos y Karim Abu Naba explican sobre la tenolog\u00eda del drone que usar\u00e1n para transportar turistas.Leonel Matos.<\/figcaption><\/figure>\n\n\n\n<h3 class=\"wp-block-heading\">\u00bfc\u00f3mo funciona el drone?<\/h3>\n\n\n\n<p>Este veh\u00edculo a\u00e9reo no tripulado pretende ser utilizado de manera similar a un vuelo comercial.<\/p>\n\n\n\n<p>Sin embargo, cuenta con algunas peculiaridades, como tener capacidad para dos pasajeros en su interior. Mientras el&nbsp;<strong>piloto&nbsp;<\/strong>y copiloto permanecen en tierra firme dirigiendo los controles que manipulan el drone hasta llegar al destino establecido.&nbsp;<\/p>\n\n\n\n<p>Seg\u00fan detall\u00f3 el empresario, para obtener el servicio de transporte se ha desarrollado una aplicaci\u00f3n online llamada \u201cFluir\u201d. Cuyo costo del servicio ser\u00e1 \u201casequible\u201d. El mismo oscilar\u00e1 entre los 100 d\u00f3lares.<\/p>\n\n\n\n<p><strong>Eddy Matos<\/strong>, piloto del taxi volador, explic\u00f3 que estos drones funcionan con energ\u00eda el\u00e9ctrica, por lo que no se abastecen de gas licuado de petr\u00f3leo.<\/p>\n\n\n\n<p>Adem\u00e1s, tienen 16 h\u00e9lices y una capacidad de vuelo de 30 minutos, tiempo en el que pueden recorrer una distancia de 30 kil\u00f3metros.<\/p>\n\n\n\n<p>\u201cEl piloto se queda en el piso con dos computadoras conectadas a los sat\u00e9lites desde China. Tenemos dos dominicanos entrenados en pilotar este drone, quienes duraron unos 45 d\u00edas en China prepar\u00e1ndose\u201d, puntualiz\u00f3.<\/p>\n\n\n\n<h3 class=\"wp-block-heading\">invasi\u00f3n&nbsp;<\/h3>\n\n\n\n<p>De acuerdo con el empresario&nbsp;<strong>Abu Naba<\/strong>, cada drone tiene un costo de 500 mil d\u00f3lares.<\/p>\n\n\n\n<p>Adem\u00e1s, explic\u00f3 que entidades gubernamentales han favorecido la iniciativa.<\/p>\n\n\n\n<p>Indicando que se encuentra en conversaci\u00f3n con las autoridades del&nbsp;<strong>Instituto Dominicano de Aviaci\u00f3n Civil<\/strong>&nbsp;(Idac) para regular el uso de estos drones en el pa\u00eds y valerse de una empleoman\u00eda acorde al proyecto.<\/p>\n\n\n\n<h3 class=\"wp-block-heading\">drones que transporten personas&nbsp;<\/h3>\n\n\n\n<p>El 31 de julio, en el deayuno de&nbsp;<strong>List\u00edn Diario<\/strong>,&nbsp;<strong>Igor Rodr\u00edguez<\/strong>, director del Idac, sostuvo que de la mano con la tecnolog\u00eda, el pa\u00eds se ha sumergido cada vez m\u00e1s en el mundo de los veh\u00edculos a\u00e9reos no tripulados, tambi\u00e9n conocidos como drones, para ir a la vanguardia de la demanda.<\/p>\n\n\n\n<p>Dijo que con un equipo que regula las actualizaciones constantes de estos dispositivos utilizados en el pa\u00eds, se analizan las caracter\u00edsticas y funcionalidades que pueden desempe\u00f1ar, como fertilizaci\u00f3n, mensajer\u00eda e incluso para transportar personas.<\/p>\n\n\n\n<figure class=\"wp-block-image\" id=\"m17431-17430-17432\"><img decoding=\"async\" src=\"https:\/\/listindiario.com\/files\/vertical_main_image\/uploads\/2025\/08\/27\/68af9f7633f18.jpeg\" alt=\"El empresario Karim Abu Naba y el piloto Eddy Matos explican a la periodista Elkys Cruz sobre el modelo de drone que emplear\u00e1n en el pa\u00eds.\"\/><figcaption class=\"wp-element-caption\">El empresario Karim Abu Naba y el piloto Eddy Matos explican a la periodista Elkys Cruz sobre el modelo de drone que emplear\u00e1n en el pa\u00eds. Leonel Matos.<\/figcaption><\/figure>\n\n\n\n<p>Sin embargo, aunque estos \u00faltimos se encuentran en el pa\u00eds, su regulaci\u00f3n no existe en ninguno de los estados del mundo.<\/p>\n","protected":false},"excerpt":{"rendered":"<p>Karim Abu Naba, cada drone tiene un costo de 500 mil d\u00f3lares. Adem\u00e1s, explic\u00f3 que<\/p>\n","protected":false},"author":1,"featured_media":18878,"comment_status":"open","ping_status":"open","sticky":false,"template":"","format":"standard","meta":{"footnotes":""},"categories":[12],"tags":[],"class_list":["post-18877","post","type-post","status-publish","format-standard","has-post-thumbnail","hentry","category-nacionales"],"_links":{"self":[{"href":"https:\/\/samantharadionline.com\/index.php\/wp-json\/wp\/v2\/posts\/18877","targetHints":{"allow":["GET"]}}],"collection":[{"href":"https:\/\/samantharadionline.com\/index.php\/wp-json\/wp\/v2\/posts"}],"about":[{"href":"https:\/\/samantharadionline.com\/index.php\/wp-json\/wp\/v2\/types\/post"}],"author":[{"embeddable":true,"href":"https:\/\/samantharadionline.com\/index.php\/wp-json\/wp\/v2\/users\/1"}],"replies":[{"embeddable":true,"href":"https:\/\/samantharadionline.com\/index.php\/wp-json\/wp\/v2\/comments?post=18877"}],"version-history":[{"count":1,"href":"https:\/\/samantharadionline.com\/index.php\/wp-json\/wp\/v2\/posts\/18877\/revisions"}],"predecessor-version":[{"id":18879,"href":"https:\/\/samantharadionline.com\/index.php\/wp-json\/wp\/v2\/posts\/18877\/revisions\/18879"}],"wp:featuredmedia":[{"embeddable":true,"href":"https:\/\/samantharadionline.com\/index.php\/wp-json\/wp\/v2\/media\/18878"}],"wp:attachment":[{"href":"https:\/\/samantharadionline.com\/index.php\/wp-json\/wp\/v2\/media?parent=18877"}],"wp:term":[{"taxonomy":"category","embeddable":true,"href":"https:\/\/samantharadionline.com\/index.php\/wp-json\/wp\/v2\/categories?post=18877"},{"taxonomy":"post_tag","embeddable":true,"href":"https:\/\/samantharadionline.com\/index.php\/wp-json\/wp\/v2\/tags?post=18877"}],"curies":[{"name":"wp","href":"https:\/\/api.w.org\/{rel}","templated":true}]}}