{"id":18856,"date":"2025-08-27T18:01:37","date_gmt":"2025-08-27T22:01:37","guid":{"rendered":"https:\/\/samantharadionline.com\/?p=18856"},"modified":"2025-08-27T18:01:37","modified_gmt":"2025-08-27T22:01:37","slug":"luces-y-sombras-en-su-trayectoria-religiosa-y-educativa","status":"publish","type":"post","link":"https:\/\/samantharadionline.com\/index.php\/2025\/08\/27\/luces-y-sombras-en-su-trayectoria-religiosa-y-educativa\/","title":{"rendered":"Luces y sombras en su trayectoria religiosa y educativa"},"content":{"rendered":"\n<p class=\"has-medium-font-size\"><em>Un repaso cr\u00edtico a los errores y controversias que marcaron su camino antes de ser designado obispo de la nueva di\u00f3cesis Stella Maris<\/em><\/p>\n\n\n\n<p><strong>Por<\/strong>: Alan Vargas, Samantha Radio Online,<strong> Santo Domingo, RD<\/strong><\/p>\n\n\n\n<p><strong>Inicio prometedor con grietas tempranas<\/strong><\/p>\n\n\n\n<p> El padre Manuel Ruiz inici\u00f3 su carrera con una s\u00f3lida formaci\u00f3n acad\u00e9mica y vocaci\u00f3n pastoral. Sin embargo, desde sus primeros a\u00f1os como educador, surgieron cr\u00edticas por la falta de estructura formal en el colegio Movearte, fundado con materiales reciclados. Aunque innovador, algunos padres cuestionaron la seguridad y calidad educativa del plantel.<\/p>\n\n\n\n<p><strong>Gesti\u00f3n educativa sin supervisi\u00f3n estatal<\/strong><\/p>\n\n\n\n<p> Durante su direcci\u00f3n de Movearte, Ruiz evit\u00f3 someterse a auditor\u00edas del Ministerio de Educaci\u00f3n, lo que gener\u00f3 dudas sobre el cumplimiento de est\u00e1ndares curriculares. Esto provoc\u00f3 tensiones con autoridades educativas que exig\u00edan mayor transparencia.<\/p>\n\n\n\n<p><strong>Confusi\u00f3n en roles institucionales<\/strong><\/p>\n\n\n\n<p> Como enlace entre el Poder Ejecutivo y la Iglesia Cat\u00f3lica, Ruiz fue criticado por mezclar funciones religiosas con posturas pol\u00edticas. Su renuncia en 2014, sin consulta previa al Episcopado, fue vista como una acci\u00f3n unilateral que debilit\u00f3 la institucionalidad eclesial.<\/p>\n\n\n\n<p><strong>Posturas pol\u00e9micas sobre el C\u00f3digo Penal<\/strong><\/p>\n\n\n\n<p>Ruiz se involucr\u00f3 en el debate sobre el C\u00f3digo Penal dominicano, especialmente en temas como el aborto. Su lenguaje confrontativo, calificando el proceso como \u201cpleito ajeno\u201d entre l\u00edderes pol\u00edticos, fue considerado inapropiado por sectores religiosos y sociales.<\/p>\n\n\n\n<p><strong>Falta de coordinaci\u00f3n con el Episcopado<\/strong> <\/p>\n\n\n\n<p>El Episcopado Dominicano se deslig\u00f3 p\u00fablicamente de varias decisiones tomadas por Ruiz, incluyendo su renuncia como enlace con el gobierno. Esto evidenci\u00f3 una fractura interna y falta de alineaci\u00f3n con la jerarqu\u00eda eclesi\u00e1stica.<\/p>\n\n\n\n<p><strong>Manejo cuestionable de situaciones escolares<\/strong> <\/p>\n\n\n\n<p>En 2024, Ruiz denunci\u00f3 el arresto de un padre en un plantel escolar, calificando la acci\u00f3n policial como \u201cincorrecta\u201d. Aunque su intenci\u00f3n fue proteger a los ni\u00f1os, algunos sectores consideraron que su intervenci\u00f3n exacerb\u00f3 el conflicto en lugar de mediarlo adecuadamente.<\/p>\n\n\n\n<p><strong>Falta de neutralidad en conflictos familiares<\/strong> <\/p>\n\n\n\n<p>En el mismo caso escolar, Ruiz se refiri\u00f3 a disputas familiares como \u201cenfrentamientos internos\u201d, lo que fue interpretado como una toma de posici\u00f3n sin conocer a fondo el contexto judicial del caso.<\/p>\n\n\n\n<p><strong>Comunicaci\u00f3n p\u00fablica poco prudente<\/strong> <\/p>\n\n\n\n<p>A lo largo de su trayectoria, Ruiz ha sido criticado por emitir declaraciones contundentes sin respaldo institucional. Esto ha generado confusi\u00f3n entre feligreses y autoridades sobre la posici\u00f3n oficial de la Iglesia.<\/p>\n\n\n\n<p><strong>Desaciertos en medios religiosos<\/strong> <\/p>\n\n\n\n<p>Como director de Televida y Radio Mar\u00eda, Ruiz enfrent\u00f3 se\u00f1alamientos por falta de pluralidad en contenidos y por utilizar los medios como plataforma personal m\u00e1s que comunitaria. Algunos colaboradores se retiraron por diferencias editoriales.<\/p>\n\n\n\n<p><strong>Desbalance entre pastoral y gesti\u00f3n<\/strong> <\/p>\n\n\n\n<p>Aunque Ruiz ha sido activo en proyectos sociales, como \u201cHogar, Vida y Esperanza\u201d, se le ha cuestionado por dedicar m\u00e1s tiempo a la gesti\u00f3n institucional que al acompa\u00f1amiento espiritual directo de comunidades vulnerables.<\/p>\n\n\n\n<p><strong>Ausencia de autocr\u00edtica p\u00fablica<\/strong> <\/p>\n\n\n\n<p>A pesar de las controversias, Ruiz rara vez ha reconocido errores p\u00fablicamente. Esta falta de autocr\u00edtica ha sido se\u00f1alada como una debilidad en su liderazgo pastoral.<\/p>\n\n\n\n<p><strong>Tensiones con sectores evang\u00e9licos<\/strong> <\/p>\n\n\n\n<p>Su postura frente al Concordato y la relaci\u00f3n privilegiada de la Iglesia Cat\u00f3lica con el Estado ha generado fricciones con l\u00edderes evang\u00e9licos, quienes han pedido mayor equidad en el trato institucional<\/p>\n\n\n\n<p class=\"has-medium-font-size\"><strong>Reflexi\u00f3n sobre su designaci\u00f3n episcopal<\/strong><\/p>\n\n\n\n<p>La decisi\u00f3n del Papa Le\u00f3n XIV de nombrar al padre Manuel Ruiz como obispo de la nueva di\u00f3cesis Stella Maris marca un giro significativo en su trayectoria. A pesar de sus errores, su experiencia en comunicaci\u00f3n, educaci\u00f3n y pastoral lo posiciona como un l\u00edder con potencial para transformar realidades complejas.<\/p>\n\n\n\n<p>Este nombramiento puede interpretarse como una oportunidad de redenci\u00f3n institucional. La di\u00f3cesis Stella Maris, que abarca zonas con desaf\u00edos sociales y espirituales, requiere un obispo con sensibilidad humana y capacidad de gesti\u00f3n. Ruiz, con sus aciertos y desaciertos, podr\u00eda encarnar ese perfil si logra reconciliarse con sus contradicciones.<\/p>\n\n\n\n<p>M\u00e1s all\u00e1 de las controversias, su designaci\u00f3n invita a reflexionar sobre el valor del perd\u00f3n, la madurez espiritual y la posibilidad de evoluci\u00f3n dentro de la Iglesia. Si Ruiz asume este rol con humildad y apertura, podr\u00eda convertir sus errores en lecciones vivas para una nueva generaci\u00f3n de creyentes.<\/p>\n\n\n\n<p>No tanto as\u00ed, podr\u00eda Manuel, tambi\u00e9n,  crear desavenencias entre la misma iglesia cat\u00f3lica y otras instituciones dominicanas. Esperamos que su experiencia sobre los errores y virtudes del pasado lo ayuden a hacer una buena gesti\u00f3n en esta nueva oportunidad que le brinda la vida.<\/p>\n","protected":false},"excerpt":{"rendered":"<p>Un repaso cr\u00edtico a los errores y controversias que marcaron su camino antes de ser<\/p>\n","protected":false},"author":1,"featured_media":18857,"comment_status":"open","ping_status":"open","sticky":false,"template":"","format":"standard","meta":{"footnotes":""},"categories":[13],"tags":[],"class_list":["post-18856","post","type-post","status-publish","format-standard","has-post-thumbnail","hentry","category-opinion"],"_links":{"self":[{"href":"https:\/\/samantharadionline.com\/index.php\/wp-json\/wp\/v2\/posts\/18856","targetHints":{"allow":["GET"]}}],"collection":[{"href":"https:\/\/samantharadionline.com\/index.php\/wp-json\/wp\/v2\/posts"}],"about":[{"href":"https:\/\/samantharadionline.com\/index.php\/wp-json\/wp\/v2\/types\/post"}],"author":[{"embeddable":true,"href":"https:\/\/samantharadionline.com\/index.php\/wp-json\/wp\/v2\/users\/1"}],"replies":[{"embeddable":true,"href":"https:\/\/samantharadionline.com\/index.php\/wp-json\/wp\/v2\/comments?post=18856"}],"version-history":[{"count":1,"href":"https:\/\/samantharadionline.com\/index.php\/wp-json\/wp\/v2\/posts\/18856\/revisions"}],"predecessor-version":[{"id":18858,"href":"https:\/\/samantharadionline.com\/index.php\/wp-json\/wp\/v2\/posts\/18856\/revisions\/18858"}],"wp:featuredmedia":[{"embeddable":true,"href":"https:\/\/samantharadionline.com\/index.php\/wp-json\/wp\/v2\/media\/18857"}],"wp:attachment":[{"href":"https:\/\/samantharadionline.com\/index.php\/wp-json\/wp\/v2\/media?parent=18856"}],"wp:term":[{"taxonomy":"category","embeddable":true,"href":"https:\/\/samantharadionline.com\/index.php\/wp-json\/wp\/v2\/categories?post=18856"},{"taxonomy":"post_tag","embeddable":true,"href":"https:\/\/samantharadionline.com\/index.php\/wp-json\/wp\/v2\/tags?post=18856"}],"curies":[{"name":"wp","href":"https:\/\/api.w.org\/{rel}","templated":true}]}}