{"id":18849,"date":"2025-08-27T17:39:09","date_gmt":"2025-08-27T21:39:09","guid":{"rendered":"https:\/\/samantharadionline.com\/?p=18849"},"modified":"2025-08-27T17:39:10","modified_gmt":"2025-08-27T21:39:10","slug":"moreno-el-guapo-ultima-un-testigo-en-juicio-en-san-francisco-de-macoris","status":"publish","type":"post","link":"https:\/\/samantharadionline.com\/index.php\/2025\/08\/27\/moreno-el-guapo-ultima-un-testigo-en-juicio-en-san-francisco-de-macoris\/","title":{"rendered":"\u00a0\u201cMoreno el Guapo\u201d  ultima un testigo en juicio en San Francisco de Macor\u00eds"},"content":{"rendered":"\n<p class=\"has-medium-font-size\"><em>La Polic\u00eda Nacional exhorta a Ricky Alberto Hern\u00e1ndez a entregarse y que responda por el crimen que se le atribuye<\/em><\/p>\n\n\n\n<p><strong>San Francisco de Macor\u00eds, Duarte<\/strong><\/p>\n\n\n\n<p>La<strong>&nbsp;Polic\u00eda Nacional&nbsp;<\/strong>activ\u00f3 la b\u00fasqueda de&nbsp;<strong>Ricky Alberto Hern\u00e1ndez<\/strong>, alias&nbsp;<strong>Moreno El Gordo&nbsp;<\/strong>y\/o&nbsp;<strong>Moreno El Guapo<\/strong>, de 22 a\u00f1os, se\u00f1alado como el presunto autor de la muerte por arma de fuego de&nbsp;<strong>Luis Gustavo Grull\u00f3n de Aza<\/strong>&nbsp;(a) Nini, de 23.<\/p>\n\n\n\n<p>Grull\u00f3n, previo al momento de su muerte, se dispon\u00eda a declarar como testigo en un proceso judicial relacionado con un privado de libertad en el&nbsp;<strong>Centro Penitenciario de Najayo Hombres<\/strong>, ubicado en San Crist\u00f3bal.<\/p>\n\n\n\n<p>El hecho ocurri\u00f3 la ma\u00f1ana del martes 26 de agosto de 2025 en la calle Col\u00f3n, pr\u00f3ximo al P<strong>alacio de Justicia de San Francisco de Macor\u00eds<\/strong>.<\/p>\n\n\n\n<p>En la escena, la Polic\u00eda Cient\u00edfica recolect\u00f3 casquillos y otras evidencias, adem\u00e1s de ocupar la motocicleta en que se desplazaba el occiso, una pistola calibre 9mm con ocho c\u00e1psulas y un tel\u00e9fono celular.<\/p>\n\n\n\n<p>Grull\u00f3n de Aza contaba tambi\u00e9n con una orden de arresto pendiente por&nbsp;<strong>homicidio&nbsp;<\/strong>ocurrido en diciembre de 2024.<\/p>\n\n\n\n<p>La Polic\u00eda Nacional exhorta a Ricky Alberto Hern\u00e1ndez a entregarse y que responda por el crimen que se le atribuye.<\/p>\n\n\n\n<figure class=\"wp-block-image size-full\"><img loading=\"lazy\" decoding=\"async\" width=\"428\" height=\"632\" src=\"https:\/\/samantharadionline.com\/wp-content\/uploads\/2025\/08\/image-8.png\" alt=\"\" class=\"wp-image-18851\" srcset=\"https:\/\/samantharadionline.com\/wp-content\/uploads\/2025\/08\/image-8.png 428w, https:\/\/samantharadionline.com\/wp-content\/uploads\/2025\/08\/image-8-203x300.png 203w\" sizes=\"auto, (max-width: 428px) 100vw, 428px\" \/><\/figure>\n\n\n\n<figure class=\"wp-block-image size-full\"><img loading=\"lazy\" decoding=\"async\" width=\"414\" height=\"781\" src=\"https:\/\/samantharadionline.com\/wp-content\/uploads\/2025\/08\/image-9.png\" alt=\"\" class=\"wp-image-18852\" srcset=\"https:\/\/samantharadionline.com\/wp-content\/uploads\/2025\/08\/image-9.png 414w, https:\/\/samantharadionline.com\/wp-content\/uploads\/2025\/08\/image-9-159x300.png 159w\" sizes=\"auto, (max-width: 414px) 100vw, 414px\" \/><\/figure>\n\n\n\n<figure class=\"wp-block-image size-full\"><img loading=\"lazy\" decoding=\"async\" width=\"420\" height=\"348\" src=\"https:\/\/samantharadionline.com\/wp-content\/uploads\/2025\/08\/image-10.png\" alt=\"\" class=\"wp-image-18853\" srcset=\"https:\/\/samantharadionline.com\/wp-content\/uploads\/2025\/08\/image-10.png 420w, https:\/\/samantharadionline.com\/wp-content\/uploads\/2025\/08\/image-10-300x249.png 300w\" sizes=\"auto, (max-width: 420px) 100vw, 420px\" \/><\/figure>\n","protected":false},"excerpt":{"rendered":"<p>La Polic\u00eda Nacional exhorta a Ricky Alberto Hern\u00e1ndez a entregarse y que responda por el<\/p>\n","protected":false},"author":1,"featured_media":18850,"comment_status":"open","ping_status":"open","sticky":false,"template":"","format":"standard","meta":{"footnotes":""},"categories":[12],"tags":[],"class_list":["post-18849","post","type-post","status-publish","format-standard","has-post-thumbnail","hentry","category-nacionales"],"_links":{"self":[{"href":"https:\/\/samantharadionline.com\/index.php\/wp-json\/wp\/v2\/posts\/18849","targetHints":{"allow":["GET"]}}],"collection":[{"href":"https:\/\/samantharadionline.com\/index.php\/wp-json\/wp\/v2\/posts"}],"about":[{"href":"https:\/\/samantharadionline.com\/index.php\/wp-json\/wp\/v2\/types\/post"}],"author":[{"embeddable":true,"href":"https:\/\/samantharadionline.com\/index.php\/wp-json\/wp\/v2\/users\/1"}],"replies":[{"embeddable":true,"href":"https:\/\/samantharadionline.com\/index.php\/wp-json\/wp\/v2\/comments?post=18849"}],"version-history":[{"count":1,"href":"https:\/\/samantharadionline.com\/index.php\/wp-json\/wp\/v2\/posts\/18849\/revisions"}],"predecessor-version":[{"id":18854,"href":"https:\/\/samantharadionline.com\/index.php\/wp-json\/wp\/v2\/posts\/18849\/revisions\/18854"}],"wp:featuredmedia":[{"embeddable":true,"href":"https:\/\/samantharadionline.com\/index.php\/wp-json\/wp\/v2\/media\/18850"}],"wp:attachment":[{"href":"https:\/\/samantharadionline.com\/index.php\/wp-json\/wp\/v2\/media?parent=18849"}],"wp:term":[{"taxonomy":"category","embeddable":true,"href":"https:\/\/samantharadionline.com\/index.php\/wp-json\/wp\/v2\/categories?post=18849"},{"taxonomy":"post_tag","embeddable":true,"href":"https:\/\/samantharadionline.com\/index.php\/wp-json\/wp\/v2\/tags?post=18849"}],"curies":[{"name":"wp","href":"https:\/\/api.w.org\/{rel}","templated":true}]}}