{"id":18845,"date":"2025-08-27T17:34:44","date_gmt":"2025-08-27T21:34:44","guid":{"rendered":"https:\/\/samantharadionline.com\/?p=18845"},"modified":"2025-08-27T17:34:45","modified_gmt":"2025-08-27T21:34:45","slug":"sacan-a-javier-milei-de-emergencia-de-un-acto-electoral","status":"publish","type":"post","link":"https:\/\/samantharadionline.com\/index.php\/2025\/08\/27\/sacan-a-javier-milei-de-emergencia-de-un-acto-electoral\/","title":{"rendered":"Sacan a Javier Milei de emergencia  de un acto electoral"},"content":{"rendered":"\n<p class=\"has-medium-font-size\"><em>En el lugar\u00a0se desencaden\u00f3 una confrontaci\u00f3n entre simpatizantes de ambos bandos, que se sald\u00f3, seg\u00fan la prensa local, con al menos tres heridos y dos detenidos<\/em><\/p>\n\n\n\n<figure class=\"wp-block-image\"><img decoding=\"async\" src=\"https:\/\/listindiario.com\/files\/image_60_60\/uploads\/2023\/05\/23\/646cd02f4f53e.jpeg\" alt=\"Avatar del Agencia EFE\"\/><\/figure>\n\n\n\n<p><em>\u00a0<\/em><strong>Agencia EFE<\/strong><\/p>\n\n\n\n<p>El presidente de Argentina, Javier Milei, fue evacuado este mi\u00e9rcoles durante un acto electoral en la provincia de Buenos Aires por incidentes con manifestantes opositores que arrojaron objetos contra la camioneta descubierta en la que viajaba, una situaci\u00f3n que deriv\u00f3 en enfrentamientos entre algunos de los concentrados y efectivos policiales.<\/p>\n\n\n\n<p>Debido a los incidentes, el mandatario fue inmediatamente evacuado por su custodia junto a su hermana y secretaria general de la Presidencia, Karina Milei, mientras que el principal candidato oficialista de cara a los comicios legislativos en la provincia, Jos\u00e9 Luis Espert,&nbsp;<strong>abandon\u00f3 la escena en una motocicleta<\/strong>.<\/p>\n\n\n\n<p>Los episodios tuvieron lugar durante un acto de campa\u00f1a en la localidad bonaerense de Lomas de Zamora, basti\u00f3n del peronismo, donde Milei se encontr\u00f3 con un grupo de manifestantes opositores -superior en n\u00famero al contingente de simpatizantes oficialistas- que le lanz\u00f3 piedras,&nbsp;<strong>ramas y huevos, entre otros objetos<\/strong>, ante lo cual personal policial protegi\u00f3 al presidente con escudos antes de evacuarlo en un veh\u00edculo blindado.<\/p>\n\n\n\n<p>Tras la evacuaci\u00f3n del mandatario, se desencaden\u00f3 una confrontaci\u00f3n entre simpatizantes de ambos bandos, que se sald\u00f3, seg\u00fan la prensa local, con al menos tres heridos y dos detenidos.<\/p>\n\n\n\n<p>Ya de vuelta en la residencia presidencial de la localidad de Olivos, Milei public\u00f3 una foto junto a su hermana Karina y a Espert junto a un breve mensaje: \u00abEn&nbsp;<strong>Olivos con &#8216;el profe&#8217; Jos\u00e9 Luis Espert<\/strong>&nbsp;y &#8216;el jefe&#8217; Karina Milei luego del paso por Lomas de Zamora, donde los kukas (kirchneristas) tira piedras carentes de ideas, recurrieron otra vez a la violencia\u00bb.<\/p>\n\n\n\n<p>Pese a la caracterizaci\u00f3n de Milei de los manifestantes como kirchneristas, la protesta en su contra incluy\u00f3 a representantes de distintos sectores y organizaciones, as\u00ed como ciudadanos autoconvocados.<\/p>\n\n\n\n<p>En su mensaje, el mandatario aprovech\u00f3 tambi\u00e9n para pedir el voto en los comicios legislativos del pr\u00f3ximo 7 de septiembre en la provincia de Buenos Aires y en la elecci\u00f3n parlamentaria nacional del 26 de octubre.<\/p>\n\n\n\n<p>La Libertad Avanza, partido del presidente, describi\u00f3 el acto electoral de Lomas de Zamora como&nbsp;<strong>\u00abuna caravana pac\u00edfica\u00bb<\/strong>, en la que \u00abun grupo de manifestantes y militantes identificados con el kirchnerismo aprovech\u00f3 la ocasi\u00f3n para insultar e intentar a agredir a quienes se expresaban a favor de terminar con el modelo empobrecedor kirchnerista\u00bb.<\/p>\n\n\n\n<p>En un comunicado, el partido destac\u00f3 que \u00abla cobard\u00eda y el patoterismo son parte del accionar de un modelo que se ve acorralado; pero que sin embargo no podr\u00e1 frenar la fuerza de millones de argentinos que eligieron un cambio hist\u00f3rico y que hoy acompa\u00f1an al presidente Javier Milei en la construcci\u00f3n de una Argentina libre, que baj\u00f3 la pobreza y la inflaci\u00f3n\u00bb.<\/p>\n\n\n\n<p>Por su parte, el vocero presidencial Manuel Adorni afirm\u00f3 en su cuenta de la red social X que el episodio es&nbsp;<strong>\u00abla muestra m\u00e1s fiel del final del kirchnerismo\u00bb&nbsp;<\/strong>y se refiri\u00f3 a los manifestantes opositores como \u00abmilitantes de la vieja pol\u00edtica, kirchnerismo en estado puro y un modelo de violencia que solo quieren los cavern\u00edcolas del pasado\u00bb.<\/p>\n\n\n\n<p>La ministra de Seguridad argentina, Patricia Bullrich, tambi\u00e9n se expres\u00f3 en redes para repudiar la agresi\u00f3n: \u00abEl kirchnerismo organiz\u00f3 un ataque al presidente en Lomas de Zamora, poniendo en riesgo a la gente y a las familias que lo fueron a acompa\u00f1ar\u00bb.<\/p>\n\n\n\n<p>\u00abEstos tipos (hombres), para recuperar algo de poder,&nbsp;<strong>siembran violencia y caos<\/strong>. Kirchnerismo Nunca M\u00e1s\u00bb, concluy\u00f3.<\/p>\n","protected":false},"excerpt":{"rendered":"<p>En el lugar\u00a0se desencaden\u00f3 una confrontaci\u00f3n entre simpatizantes de ambos bandos, que se sald\u00f3, seg\u00fan<\/p>\n","protected":false},"author":1,"featured_media":18846,"comment_status":"open","ping_status":"open","sticky":false,"template":"","format":"standard","meta":{"footnotes":""},"categories":[4],"tags":[],"class_list":["post-18845","post","type-post","status-publish","format-standard","has-post-thumbnail","hentry","category-mundiales"],"_links":{"self":[{"href":"https:\/\/samantharadionline.com\/index.php\/wp-json\/wp\/v2\/posts\/18845","targetHints":{"allow":["GET"]}}],"collection":[{"href":"https:\/\/samantharadionline.com\/index.php\/wp-json\/wp\/v2\/posts"}],"about":[{"href":"https:\/\/samantharadionline.com\/index.php\/wp-json\/wp\/v2\/types\/post"}],"author":[{"embeddable":true,"href":"https:\/\/samantharadionline.com\/index.php\/wp-json\/wp\/v2\/users\/1"}],"replies":[{"embeddable":true,"href":"https:\/\/samantharadionline.com\/index.php\/wp-json\/wp\/v2\/comments?post=18845"}],"version-history":[{"count":1,"href":"https:\/\/samantharadionline.com\/index.php\/wp-json\/wp\/v2\/posts\/18845\/revisions"}],"predecessor-version":[{"id":18847,"href":"https:\/\/samantharadionline.com\/index.php\/wp-json\/wp\/v2\/posts\/18845\/revisions\/18847"}],"wp:featuredmedia":[{"embeddable":true,"href":"https:\/\/samantharadionline.com\/index.php\/wp-json\/wp\/v2\/media\/18846"}],"wp:attachment":[{"href":"https:\/\/samantharadionline.com\/index.php\/wp-json\/wp\/v2\/media?parent=18845"}],"wp:term":[{"taxonomy":"category","embeddable":true,"href":"https:\/\/samantharadionline.com\/index.php\/wp-json\/wp\/v2\/categories?post=18845"},{"taxonomy":"post_tag","embeddable":true,"href":"https:\/\/samantharadionline.com\/index.php\/wp-json\/wp\/v2\/tags?post=18845"}],"curies":[{"name":"wp","href":"https:\/\/api.w.org\/{rel}","templated":true}]}}