{"id":18835,"date":"2025-08-27T12:06:36","date_gmt":"2025-08-27T16:06:36","guid":{"rendered":"https:\/\/samantharadionline.com\/?p=18835"},"modified":"2025-08-27T12:06:37","modified_gmt":"2025-08-27T16:06:37","slug":"tiroteo-en-escuela-catolica-de-minneapolis","status":"publish","type":"post","link":"https:\/\/samantharadionline.com\/index.php\/2025\/08\/27\/tiroteo-en-escuela-catolica-de-minneapolis\/","title":{"rendered":"Tiroteo en escuela cat\u00f3lica de Minneapolis"},"content":{"rendered":"\n<p class=\"has-medium-font-size\"><em>El atacante se habr\u00eda suicidado poco despu\u00e9s de un tiro<\/em>, ocurri\u00f3 durante la entrada matutina de ni\u00f1os a la Escuela Cat\u00f3lica Anunciaci\u00f3n en Minneapolis<\/p>\n\n\n\n<figure class=\"wp-block-image\"><img decoding=\"async\" src=\"https:\/\/listindiario.com\/files\/image_60_60\/uploads\/2023\/05\/23\/646cd02f4f53e.jpeg\" alt=\"Avatar del Agencia EFE\"\/><\/figure>\n\n\n\n<p><em>\u00a0<\/em>Agencia EFE, <strong>Washington<\/strong><\/p>\n\n\n\n<p>Agentes de&nbsp;<strong>polic\u00eda&nbsp;<\/strong>de la&nbsp;<strong>ciudad de Minneapolis<\/strong>&nbsp;respondieron esta ma\u00f1ana a un incidente armado con \u00abm\u00faltiples v\u00edctimas\u00bb en una&nbsp;<strong>escuela cat\u00f3lica de la ciudad.&nbsp;<\/strong><\/p>\n\n\n\n<p>El&nbsp;<strong>atacante&nbsp;<\/strong>se habr\u00eda suicidado poco despu\u00e9s de un tiro, seg\u00fan indicaron fuentes policiales a la cadena ABC.&nbsp;<\/p>\n\n\n\n<p>El&nbsp;<strong>tiroteo&nbsp;<\/strong>ocurri\u00f3 durante la entrada matutina de ni\u00f1os a la<strong>&nbsp;Escuela Cat\u00f3lica Annunciation en Minneapolis<\/strong>, seg\u00fan el citado medio.<\/p>\n\n\n\n<p>El tirador fue neutralizado por la polic\u00eda y \u00abno hay amenaza activa para la comunidad\u00bb, indicaron las autoridades municipales.<\/p>\n\n\n\n<figure class=\"wp-block-image\" id=\"m49011-49010-49012\"><img decoding=\"async\" src=\"https:\/\/listindiario.com\/files\/vertical_main_image\/uploads\/2025\/08\/27\/68af20473ba65.jpeg\" alt=\"tiroteo en la Iglesia de la Anunciaci\u00f3n\"\/><figcaption class=\"wp-element-caption\">Padres esperan noticias sobre el estado de sus hijos tras el tiroteo en la Iglesia de la Anunciaci\u00f3n el mi\u00e9rcoles 27 de agosto de 2025 en Minneapolis. (Alex Kormann\/Star Tribune v\u00eda AP)AP<\/figcaption><\/figure>\n\n\n\n<p>Por su parte, el&nbsp;<strong>gobernador de Minnesota, Tim Walz,<\/strong>&nbsp;dijo que est\u00e1 \u00aborando por nuestros ni\u00f1os y maestros cuya primera semana de clases se vio empa\u00f1ada por este horrible acto de&nbsp;<strong>violencia<\/strong>\u00ab, escribi\u00f3 en su cuenta de X.<\/p>\n\n\n\n<p>Diversos medios locales hablan de la posibilidad de que entre tres a veinte personas pudieron haber resultado heridas durante el&nbsp;<strong>tiroteo&nbsp;<\/strong>que, al parecer, ocurri\u00f3 dentro de la&nbsp;<strong>escuela<\/strong>.<\/p>\n\n\n\n<figure class=\"wp-block-image\" id=\"m49023-49022-49024\"><img decoding=\"async\" src=\"https:\/\/listindiario.com\/files\/vertical_main_image\/uploads\/2025\/08\/27\/68af2096c54b2.jpeg\" alt=\"Agentes del orden se congregan frente a la escuela de la Iglesia de la Anunciaci\u00f3n\"\/><figcaption class=\"wp-element-caption\">Agentes del orden se congregan frente a la escuela de la Iglesia de la Anunciaci\u00f3n en respuesta a un tiroteo masivo reportado el mi\u00e9rcoles 27 de agosto de 2025 en Minneapolis. (Foto AP\/Mark Vancleave)AP<\/figcaption><\/figure>\n\n\n\n<p>Minutos despu\u00e9s del incidente, el presidente, Donald Trump, dijo haber sido informado de lo ocurrido y asegur\u00f3 que el&nbsp;<strong>FBI&nbsp;<\/strong>\u00abrespondi\u00f3 rapidamente y est\u00e1 presente en el lugar\u00bb.<\/p>\n\n\n\n<p>\u00abPor favor, acompa\u00f1enme a rezar por todos los involucrados\u00bb, a\u00f1adi\u00f3 el mandatario.<\/p>\n\n\n\n<p>Las autoridades locales aconsejaron a las familias de los ni\u00f1os que se dirigieran a una zona de reunificaci\u00f3n dentro del recinto escolar.<\/p>\n\n\n\n<figure class=\"wp-block-image size-full\"><img loading=\"lazy\" decoding=\"async\" width=\"694\" height=\"706\" src=\"https:\/\/samantharadionline.com\/wp-content\/uploads\/2025\/08\/image-7.png\" alt=\"\" class=\"wp-image-18836\" srcset=\"https:\/\/samantharadionline.com\/wp-content\/uploads\/2025\/08\/image-7.png 694w, https:\/\/samantharadionline.com\/wp-content\/uploads\/2025\/08\/image-7-295x300.png 295w\" sizes=\"auto, (max-width: 694px) 100vw, 694px\" \/><\/figure>\n","protected":false},"excerpt":{"rendered":"<p>El atacante se habr\u00eda suicidado poco despu\u00e9s de un tiro, ocurri\u00f3 durante la entrada matutina<\/p>\n","protected":false},"author":1,"featured_media":18837,"comment_status":"open","ping_status":"open","sticky":false,"template":"","format":"standard","meta":{"footnotes":""},"categories":[4],"tags":[],"class_list":["post-18835","post","type-post","status-publish","format-standard","has-post-thumbnail","hentry","category-mundiales"],"_links":{"self":[{"href":"https:\/\/samantharadionline.com\/index.php\/wp-json\/wp\/v2\/posts\/18835","targetHints":{"allow":["GET"]}}],"collection":[{"href":"https:\/\/samantharadionline.com\/index.php\/wp-json\/wp\/v2\/posts"}],"about":[{"href":"https:\/\/samantharadionline.com\/index.php\/wp-json\/wp\/v2\/types\/post"}],"author":[{"embeddable":true,"href":"https:\/\/samantharadionline.com\/index.php\/wp-json\/wp\/v2\/users\/1"}],"replies":[{"embeddable":true,"href":"https:\/\/samantharadionline.com\/index.php\/wp-json\/wp\/v2\/comments?post=18835"}],"version-history":[{"count":1,"href":"https:\/\/samantharadionline.com\/index.php\/wp-json\/wp\/v2\/posts\/18835\/revisions"}],"predecessor-version":[{"id":18838,"href":"https:\/\/samantharadionline.com\/index.php\/wp-json\/wp\/v2\/posts\/18835\/revisions\/18838"}],"wp:featuredmedia":[{"embeddable":true,"href":"https:\/\/samantharadionline.com\/index.php\/wp-json\/wp\/v2\/media\/18837"}],"wp:attachment":[{"href":"https:\/\/samantharadionline.com\/index.php\/wp-json\/wp\/v2\/media?parent=18835"}],"wp:term":[{"taxonomy":"category","embeddable":true,"href":"https:\/\/samantharadionline.com\/index.php\/wp-json\/wp\/v2\/categories?post=18835"},{"taxonomy":"post_tag","embeddable":true,"href":"https:\/\/samantharadionline.com\/index.php\/wp-json\/wp\/v2\/tags?post=18835"}],"curies":[{"name":"wp","href":"https:\/\/api.w.org\/{rel}","templated":true}]}}