{"id":18831,"date":"2025-08-26T17:31:30","date_gmt":"2025-08-26T21:31:30","guid":{"rendered":"https:\/\/samantharadionline.com\/?p=18831"},"modified":"2025-08-26T17:31:31","modified_gmt":"2025-08-26T21:31:31","slug":"estudiantes-con-sindrome-de-down-sin-clases","status":"publish","type":"post","link":"https:\/\/samantharadionline.com\/index.php\/2025\/08\/26\/estudiantes-con-sindrome-de-down-sin-clases\/","title":{"rendered":"Estudiantes con s\u00edndrome de Down sin clases"},"content":{"rendered":"\n<p class=\"has-medium-font-size\"><em>El centro educativo para estudiantes con s\u00edndrome de Down no recibe el servicio de merienda y almuerzo escolar que distribuye el Inabie<\/em><\/p>\n\n\n\n<figure class=\"wp-block-image\"><img decoding=\"async\" src=\"https:\/\/listindiario.com\/files\/image_60_60\/uploads\/2024\/01\/03\/6595dbcf057b9.jpeg\" alt=\"Avatar del Nicole Collado\"\/><\/figure>\n\n\n\n<p><em>\u00a0<\/em>Nicole Collado,<strong> Santo Domingo, RD.<\/strong><\/p>\n\n\n\n<p>La Asociaci\u00f3n de Padres, Madres y Amigos de la Escuela (Apmae) de la Asociaci\u00f3n Dominicana de<strong>&nbsp;S\u00edndrome de Down<\/strong>&nbsp;denunci\u00f3 que m\u00e1s de 150 estudiantes de este centro no tienen fecha para el inicio del nuevo a\u00f1o escolar debido a los incumplimientos del&nbsp;<strong>Ministerio de Educaci\u00f3n<\/strong>&nbsp;y del&nbsp;<strong>Instituto Nacional de Bienestar Estudiantil&nbsp;<\/strong>(<strong>Inabie<\/strong>).<\/p>\n\n\n\n<p>La Apmae detall\u00f3 que el Centro Educativo Integral Adosid, durante dos semanas, no tuvo energ\u00eda el\u00e9ctrica y que ayer fue restablecida, pues seg\u00fan explic\u00f3&nbsp;<strong>Ingrid Molina<\/strong>, existe un convenio con el Ministerio de Educaci\u00f3n que especifica que esta debe ser cubierta por dicha instituci\u00f3n, pero no se est\u00e1 realizando el pago. El acuerdo incluye cubrir los gastos de basura y agua.<\/p>\n\n\n\n<p>Molina dijo que los fondos descentralizados que recibe este centro educativo son de 30,000 pesos dominicanos, y destac\u00f3 que \u201c<strong>no dan ni para comprar papel de ba\u00f1o en el mes<\/strong>\u201d.<\/p>\n\n\n\n<p>Los denunciantes se\u00f1alaron que este centro educativo, de&nbsp;<strong>Jornada Escolar Extendida<\/strong>, tampoco recibe el servicio de merienda y almuerzo escolar que distribuye el Inabie, \u201ca pesar de nuestras reiteradas comunicaciones, el Inabie a\u00fan no ha realizado la inspecci\u00f3n correspondiente\u201d detall\u00f3 la representante.<\/p>\n\n\n\n<p>Tambi\u00e9n solicitaron al Inabie la entrega del uniforme y toda la<strong>&nbsp;utiler\u00eda escolar<\/strong>&nbsp;que necesitan estos j\u00f3venes, pues informaron que lo que envi\u00f3 la entidad fue mercanc\u00eda incompleta.<\/p>\n\n\n\n<figure class=\"wp-block-image\" id=\"m50548-50547-50549\"><img decoding=\"async\" src=\"https:\/\/listindiario.com\/files\/vertical_main_image\/uploads\/2025\/08\/26\/68ade9d63e3c5.jpeg\" alt=\"Lista de los \u00fatiles que recibieron para el inicio del a\u00f1o escolar 2025-2026 los estudiantes del centro Asociaci\u00f3n Dominicana de S\u00edndrome de Down\"\/><figcaption class=\"wp-element-caption\">Lista de los \u00fatiles que recibieron para el inicio del a\u00f1o escolar 2025-2026 los estudiantes del centro Asociaci\u00f3n Dominicana de S\u00edndrome de DownJos\u00e9 Alberto Maldonado<\/figcaption><\/figure>\n\n\n\n<p>La representante explic\u00f3 que a\u00fan no se le ha designado un transporte a este centro. \u201c<strong>Necesitamos un autob\u00fas escolar,<\/strong>&nbsp;el Minerd nos ofert\u00f3 un autob\u00fas sin chofer, ni con mantenimiento, ni con combustible\u201d.<\/p>\n\n\n\n<p>Dijeron que lo rechazaron.<\/p>\n\n\n\n<p>Agregaron tambi\u00e9n que persiste la falta de personal y que hay cinco maestras que est\u00e1n asignadas al centro con un sueldo, pero no asisten a impartir las clases.<\/p>\n\n\n\n<p>Estas docentes fueron identificadas como Ana Feliz Figari del nivel incial, Val\u00e9ria N\u00fa\u00f1ez Mercedes y&nbsp;Mercedes Lapaix de la Rosa&nbsp;de secundaria, G\u00e9nesis Emmanuel Pir\u00f3n de educaci\u00f3n F\u00edsica y&nbsp;Estefany Jim\u00e9nez de Inform\u00e1tica.<\/p>\n\n\n\n<p>La&nbsp;<strong>Apmae&nbsp;<\/strong>hizo un llamado a las autoridades del Ministerio de Educaci\u00f3n, del Inabie y al presidente&nbsp;<strong>Luis Abinader<\/strong>&nbsp;para que se cumpla con lo que se hab\u00eda acordado para este centro y as\u00ed garantizar los servicios b\u00e1sicos y que los estudiantes reciban una educaci\u00f3n digna.<\/p>\n","protected":false},"excerpt":{"rendered":"<p>El centro educativo para estudiantes con s\u00edndrome de Down no recibe el servicio de merienda<\/p>\n","protected":false},"author":1,"featured_media":18832,"comment_status":"open","ping_status":"open","sticky":false,"template":"","format":"standard","meta":{"footnotes":""},"categories":[12],"tags":[],"class_list":["post-18831","post","type-post","status-publish","format-standard","has-post-thumbnail","hentry","category-nacionales"],"_links":{"self":[{"href":"https:\/\/samantharadionline.com\/index.php\/wp-json\/wp\/v2\/posts\/18831","targetHints":{"allow":["GET"]}}],"collection":[{"href":"https:\/\/samantharadionline.com\/index.php\/wp-json\/wp\/v2\/posts"}],"about":[{"href":"https:\/\/samantharadionline.com\/index.php\/wp-json\/wp\/v2\/types\/post"}],"author":[{"embeddable":true,"href":"https:\/\/samantharadionline.com\/index.php\/wp-json\/wp\/v2\/users\/1"}],"replies":[{"embeddable":true,"href":"https:\/\/samantharadionline.com\/index.php\/wp-json\/wp\/v2\/comments?post=18831"}],"version-history":[{"count":1,"href":"https:\/\/samantharadionline.com\/index.php\/wp-json\/wp\/v2\/posts\/18831\/revisions"}],"predecessor-version":[{"id":18833,"href":"https:\/\/samantharadionline.com\/index.php\/wp-json\/wp\/v2\/posts\/18831\/revisions\/18833"}],"wp:featuredmedia":[{"embeddable":true,"href":"https:\/\/samantharadionline.com\/index.php\/wp-json\/wp\/v2\/media\/18832"}],"wp:attachment":[{"href":"https:\/\/samantharadionline.com\/index.php\/wp-json\/wp\/v2\/media?parent=18831"}],"wp:term":[{"taxonomy":"category","embeddable":true,"href":"https:\/\/samantharadionline.com\/index.php\/wp-json\/wp\/v2\/categories?post=18831"},{"taxonomy":"post_tag","embeddable":true,"href":"https:\/\/samantharadionline.com\/index.php\/wp-json\/wp\/v2\/tags?post=18831"}],"curies":[{"name":"wp","href":"https:\/\/api.w.org\/{rel}","templated":true}]}}