{"id":18828,"date":"2025-08-26T17:29:23","date_gmt":"2025-08-26T21:29:23","guid":{"rendered":"https:\/\/samantharadionline.com\/?p=18828"},"modified":"2025-08-26T17:29:23","modified_gmt":"2025-08-26T21:29:23","slug":"emma-polanco-piensa-que-publicaran-cerca-de-100-auditorias-para-finales-del-ano-2025","status":"publish","type":"post","link":"https:\/\/samantharadionline.com\/index.php\/2025\/08\/26\/emma-polanco-piensa-que-publicaran-cerca-de-100-auditorias-para-finales-del-ano-2025\/","title":{"rendered":"Emma Polanco piensa que publicar\u00e1n cerca de 100 auditorias para finales del a\u00f1o 2025"},"content":{"rendered":"\n<p class=\"has-medium-font-size\"><em>Polanco destac\u00f3 que desde su juramentaci\u00f3n como la encargada de dirigir el pleno, realizada el pasado 25 de abril, el \u00f3rgano fiscalizador ha concluido 20 auditorias institucionales<\/em><\/p>\n\n\n\n<figure class=\"wp-block-image\"><img decoding=\"async\" src=\"https:\/\/listindiario.com\/files\/image_60_60\/uploads\/2023\/05\/16\/64637a1e3ff38.jpeg\" alt=\"Avatar del \u00c1ngel Valdez\"\/><\/figure>\n\n\n\n<p><em>\u00a0<\/em>\u00c1ngel Valdez, <strong>Santo Domingo, RD.<\/strong><\/p>\n\n\n\n<p>La presidenta de la<strong>&nbsp;C\u00e1mara de Cuentas&nbsp;<\/strong>de la Rep\u00fablica Dominicana (CCRD),&nbsp;<strong>Emma Polanco<\/strong>, acudi\u00f3 este martes al<strong>&nbsp;Congreso Nacional&nbsp;<\/strong>para rendir balance sobre los logros alcanzados durante sus primeros 100 d\u00edas de gesti\u00f3n.<\/p>\n\n\n\n<p>Polanco destac\u00f3 que desde su juramentaci\u00f3n como la encargada de dirigir el pleno, realizada el pasado 25 de abril, el \u00f3rgano fiscalizador&nbsp;<strong>ha concluido 20 auditorias institucionales.<\/strong><\/p>\n\n\n\n<p>Adem\u00e1s, inform\u00f3 que m\u00e1s de 240 evaluaciones realizadas por los inspectores se encuentran en proceso de terminaci\u00f3n, por lo que seg\u00fan expres\u00f3 Polanco, tienen dentro de sus proyecciones presentar, antes de 2026 a la sociedad, \u00abcerca de 100\u00bb auditorias, superando la meta establecida el pasado 7 de mayo, con una cantidad de 70.<\/p>\n\n\n\n<p>Polanco aclar\u00f3 que algunos de los informes publicados son parte de la antigua gesti\u00f3n encabezada por Janel Ramirez, a quien sustituy\u00f3 en el cargo.<\/p>\n\n\n\n<p>\u00abNosotros hemos desarrollado las (auditor\u00edas que son del 2020 hacia ac\u00e1 (2025)\u00bb, dijo ante los medios de comunicaci\u00f3n.<\/p>\n\n\n\n<h3 class=\"wp-block-heading\">\u00abArmon\u00eda\u00bb entre los miembros<\/h3>\n\n\n\n<p>Uno de los principales inconvenientes registrados en la pasada gesti\u00f3n de la&nbsp;<strong>CCRD<\/strong>, encabezada por Janel R\u00e1mirez, fueron los conflictos internos, \u00abobstaculizando\u00bb, seg\u00fan dijo \u00e9l mismo, el correcto funcionamiento de las labores.<\/p>\n\n\n\n<p>Es por esta raz\u00f3n que, en respuesta a las preguntas de los periodistas, Polanco asegur\u00f3 que no habr\u00e1 una divisi\u00f3n entre los miembros del pleno actual.<\/p>\n\n\n\n<p>\u00abEntiendo que no habr\u00e1 (bembitas), somos un equipo que tenemos metas y objetivos definidos claros. Nadie se siente mal porque otro puede tomar iniciativas\u00bb, dijo Polanco.<\/p>\n\n\n\n<p>Para la comisi\u00f3n de la<strong>&nbsp;C\u00e1mara de Diputados<\/strong>&nbsp;asignada para evaluar las labores del \u00f3rgano constitucional, presidida por Rogelio Genao Lanza, los trabajos de fiscalizaci\u00f3n realizados en a\u00f1os pasados fueron \u00abmuy pobres\u00bb, ya que as\u00ed lo demuestran las \u00fanicas dos auditor\u00edas entregadas en 2023 con un costo de 700 millones de pesos.<\/p>\n\n\n\n<p>Polanco est\u00e1 convencida de que el actual equipo de la CCRD es \u00abbrillante\u00bb.<\/p>\n\n\n\n<p>\u00abM\u00ed equipo trabaja mucho y se ha dedicado a hacer el trabajo\u00bb, manifest\u00f3.<\/p>\n\n\n\n<h3 class=\"wp-block-heading\">Respuesta a la oposici\u00f3n<\/h3>\n\n\n\n<p>El secretario general del Partido de la Liberaci\u00f3n Dominicana (PLD), Johnny Pujols, expres\u00f3 su preocupaci\u00f3n por el accionar del pleno de la CCRD escogidos desde 2020, a\u00f1o en el cual comenz\u00f3 el mandato presidencial de Luis Abinader.<\/p>\n\n\n\n<p>Pujols, al participar en una entrevista el pasado 2 de junio, fundament\u00f3 su inquietud en el sesgo dirigido en contra de las administraciones gubernamentales del PLD.<\/p>\n\n\n\n<p>No obstante, Polanco desminti\u00f3 esta versi\u00f3n, resaltando que \u00abse les ha hecho (auditor\u00edas) a todos\u00bb.<\/p>\n\n\n\n<h3 class=\"wp-block-heading\">\u00abFelicitaciones a la C\u00e1mara de Cuentas\u00bb<\/h3>\n\n\n\n<p>El presidente del Senado de la Rep\u00fablica, Ricardo de los Santos, destac\u00f3 el compromiso de la CCRD al visitar, \u00abpor iniciativa propia\u00bb, al Poder Legislativo para presentar ante los congresistas su desempe\u00f1o.<\/p>\n\n\n\n<p>\u00abEs una demostraci\u00f3n de que est\u00e1n preocupados porque todas las instituciones y todos los fondos p\u00fablicos se manejen sobre la base de la \u00e9tica, la transparencia y la eficiencia\u00bb, precis\u00f3.<\/p>\n\n\n\n<p>Por \u00faltimo, aprovech\u00f3 la ocasi\u00f3n para recordar que la c\u00e1mara alta le solicit\u00f3 una inspecci\u00f3n al \u00f3rgano fiscalizador.<\/p>\n\n\n\n<p>\u00abNosotros le solicitamos una auditor\u00eda y la tenemos instalada aqu\u00ed. Yo no conozco los (auditores), solo le dimos instrucciones a todos los departamentos (del Senado) para que faciliten las informaciones requeridas, para que hagan una auditor\u00eda totalmente libre y transparente\u00bb, declar\u00f3 De los Santos, en compa\u00f1\u00eda de Polanco.<\/p>\n\n\n\n<p>En la actividad tambi\u00e9n particip\u00f3 el vicepresidente de la CCRD,&nbsp;<strong>Francisco Tam\u00e1rez Florentino<\/strong>&nbsp;y los miembros&nbsp;<strong>Francisco Franco Soto, Ram\u00f3n M\u00e9ndez Acosta y Griselda&nbsp;G\u00f3mez&nbsp;Santana.<\/strong><\/p>\n","protected":false},"excerpt":{"rendered":"<p>Polanco destac\u00f3 que desde su juramentaci\u00f3n como la encargada de dirigir el pleno, realizada el<\/p>\n","protected":false},"author":1,"featured_media":0,"comment_status":"open","ping_status":"open","sticky":false,"template":"","format":"standard","meta":{"footnotes":""},"categories":[12],"tags":[],"class_list":["post-18828","post","type-post","status-publish","format-standard","hentry","category-nacionales"],"_links":{"self":[{"href":"https:\/\/samantharadionline.com\/index.php\/wp-json\/wp\/v2\/posts\/18828","targetHints":{"allow":["GET"]}}],"collection":[{"href":"https:\/\/samantharadionline.com\/index.php\/wp-json\/wp\/v2\/posts"}],"about":[{"href":"https:\/\/samantharadionline.com\/index.php\/wp-json\/wp\/v2\/types\/post"}],"author":[{"embeddable":true,"href":"https:\/\/samantharadionline.com\/index.php\/wp-json\/wp\/v2\/users\/1"}],"replies":[{"embeddable":true,"href":"https:\/\/samantharadionline.com\/index.php\/wp-json\/wp\/v2\/comments?post=18828"}],"version-history":[{"count":1,"href":"https:\/\/samantharadionline.com\/index.php\/wp-json\/wp\/v2\/posts\/18828\/revisions"}],"predecessor-version":[{"id":18829,"href":"https:\/\/samantharadionline.com\/index.php\/wp-json\/wp\/v2\/posts\/18828\/revisions\/18829"}],"wp:attachment":[{"href":"https:\/\/samantharadionline.com\/index.php\/wp-json\/wp\/v2\/media?parent=18828"}],"wp:term":[{"taxonomy":"category","embeddable":true,"href":"https:\/\/samantharadionline.com\/index.php\/wp-json\/wp\/v2\/categories?post=18828"},{"taxonomy":"post_tag","embeddable":true,"href":"https:\/\/samantharadionline.com\/index.php\/wp-json\/wp\/v2\/tags?post=18828"}],"curies":[{"name":"wp","href":"https:\/\/api.w.org\/{rel}","templated":true}]}}