{"id":18825,"date":"2025-08-26T09:17:16","date_gmt":"2025-08-26T13:17:16","guid":{"rendered":"https:\/\/samantharadionline.com\/?p=18825"},"modified":"2025-08-26T09:17:17","modified_gmt":"2025-08-26T13:17:17","slug":"bailan-y-a-graban-las-mas-populares-cantantes-del-ritmo-urbano-y-del-pop","status":"publish","type":"post","link":"https:\/\/samantharadionline.com\/index.php\/2025\/08\/26\/bailan-y-a-graban-las-mas-populares-cantantes-del-ritmo-urbano-y-del-pop\/","title":{"rendered":"Bailan \u00a1y a graban! las mas populares cantantes del ritmo urbano y del pop"},"content":{"rendered":"\n<p class=\"has-medium-font-size\"><em>Entre los dominicanos figuran Vicente Garc\u00eda, Pavel N\u00fa\u00f1ez, Techy, Frank Ceara y Covi Quintana, mientras entre los extranjeros se encuentran Shakira, Rosal\u00eda, Thal\u00eda, Sebasti\u00e1n Yatra, Fernando Allende, Bad Bunny y Karol G<\/em><\/p>\n\n\n\n<figure class=\"wp-block-image\"><img decoding=\"async\" src=\"https:\/\/listindiario.com\/files\/image_60_60\/uploads\/2023\/05\/10\/645c1b7a292f1.jpeg\" alt=\"Avatar del Ynmaculada Cruz Hierro\"\/><\/figure>\n\n\n\n<p><em>\u00a0<\/em>Ynmaculada Cruz Hierro,<strong> Santo Domingo<\/strong><\/p>\n\n\n\n<p>La atracci\u00f3n por la m\u00fasica tropical contin\u00faa indetenible. Cantante de otros g\u00e9neros bailan sus ritmos y hasta lo graban, como ha sucedido con dominicanos como&nbsp;Vicente Garc\u00eda, Pavel N\u00fa\u00f1ez, Techy Fatule, Frank Ceara, Covi Quintana y otros.<\/p>\n\n\n\n<p>Tambi\u00e9n extranjeros como Shakira, Rosal\u00eda, Thal\u00eda, Sebasti\u00e1n Yatra, Fernando Allende, Bad Bunny y Karol G han encontrado en la bachata y el merengue una nueva f\u00f3rmula musical que atrajo una diversidad de consumidores.<\/p>\n\n\n\n<p>Como ellos, en los \u00faltimos a\u00f1os int\u00e9rpretes que han llegado al mercado con propuestas musicales de balada, pop, rock o canciones de compromiso social, se han sentido atra\u00eddos por los ritmos caribe\u00f1os.<\/p>\n\n\n\n<p>\u201cEn mi opini\u00f3n, la m\u00fasica tropical tiene una riqueza r\u00edtmica y una expresi\u00f3n org\u00e1nica que la hace \u00fanica. A diferencia de muchos g\u00e9neros producidos completamente de manera digital, donde a veces se pierde la parte humana y la capacidad de transmitir sentimientos, en lo tropical se siente esa conexi\u00f3n real entre el m\u00fasico, el instrumento y la emoci\u00f3n\u201d, asegura el productor musical Antonio Gonz\u00e1lez.<\/p>\n\n\n\n<p>Gonz\u00e1lez, quien ha trabajado para Ilegales, Milly Quezada y Manny Cruz, entiende que este tipo de m\u00fasica necesita canciones con un contenido m\u00e1s profundo y con mayor riqueza mel\u00f3dica, lo cual le da un valor art\u00edstico especial.&nbsp;<\/p>\n\n\n\n<p><strong>\u201cEn la actualidad la m\u00fasica tropical est\u00e1 teniendo un resurgir a nivel internacional,<\/strong>&nbsp;por esto los artistas de renombre han usado la m\u00fasica tropical en b\u00fasqueda de un nuevo sonido fresco en la industria\u201d, afirm\u00f3 Gonz\u00e1lez.<\/p>\n\n\n\n<figure class=\"wp-block-image\"><img decoding=\"async\" src=\"https:\/\/listindiario.com\/files\/composite_image\/uploads\/2025\/08\/25\/68acfe201f114.jpeg\" alt=\"\"\/><figcaption class=\"wp-element-caption\">VIDEO. Techy Fatule &#8211; Te Prometo | Sigue Am\u00e1ndome<\/figcaption><\/figure>\n\n\n\n<p><strong>La cantautora Techy,<\/strong>&nbsp;quien empuj\u00f3 su carrera en el pop y el rock, descubri\u00f3 en el merengue y la salsa una nueva v\u00eda de llegar a un p\u00fablico m\u00e1s heterog\u00e9neo.<\/p>\n\n\n\n<p>\u201cHace casi tres a\u00f1os que estoy trabajando de manera m\u00e1s constante el merengue, y ah\u00ed encontr\u00e9 una identidad muy clara: la alegr\u00eda, la energ\u00eda y la conexi\u00f3n que este ritmo provoca. Pero la realidad es que siempre lo he llevado en la sangre. De hecho, hace 11 a\u00f1os lanc\u00e9 un merengue fusionado con kompa, porque desde entonces me apasiona explorar sus posibilidades\u201d, expuso al conversar con List\u00edn Diario.<\/p>\n\n\n\n<p>La artista, que este 13 de septiembre tendr\u00e1 un encuentro con su p\u00fablico en Escenario 360, confes\u00f3 que para ella el merengue no es solo un g\u00e9nero, \u201ces parte de lo que soy como artista y como dominicana, y siento que en este momento del mundo, donde la gente busca gozo y autenticidad, es el mejor espacio para compartirlo\u201d.<\/p>\n\n\n\n<figure class=\"wp-block-image\"><img decoding=\"async\" src=\"https:\/\/listindiario.com\/files\/composite_image\/uploads\/2025\/05\/29\/683907e000211.jpeg\" alt=\"Frank Ceara + Juan Luis Guerra - ASI BONITO (video oficial)\n\u270d\ufe0f Autores: Frank Ceara, Juan Luis Guerra\n\"\/><figcaption class=\"wp-element-caption\">Frank Ceara + Juan Luis Guerra &#8211; ASI BONITO (video oficial)<\/figcaption><\/figure>\n\n\n\n<p><strong>En 1992 el cantautor Frank Ceara&nbsp;<\/strong>logr\u00f3 su internacionalizaci\u00f3n con su primera producci\u00f3n discogr\u00e1fica \u201cBachata Magic\u201d, la balada \u201cLluvia de besos\u201d fue el tema principal de la telenovela \u201cAmor de papel\u201d.&nbsp;<\/p>\n\n\n\n<p>Con esta producci\u00f3n Ceara obtuvo su primera nominaci\u00f3n al Premio Lo Nuestro y recibi\u00f3 el premio como Revelaci\u00f3n Del A\u00f1o en Aplauso 92. Sus letras dieron vida a la exitosa balada \u201cAtado a tu volc\u00e1n\u201d, que popularizara la puertorrique\u00f1a Ednita Nazario.&nbsp;<\/p>\n\n\n\n<p>En los \u00faltimos a\u00f1os los ritmos tropicales como la bachata y el merengue han llevado al artista a experimentar nuevas emociones junto a su p\u00fablico. Este a\u00f1o Ceara present\u00f3 al p\u00fablico su nuevo \u00e1lbum \u201cEl Saborcito de tu Amor\u201d, en el que camina por el merengue, la bachata y tambi\u00e9n la balada.<\/p>\n\n\n\n<p>\u201cLa m\u00fasica tiene un poder inigualable sobre los seres humanos. Se ha comprobado cient\u00edficamente lo que le hace al cerebro en beneficio para muchas cosas. En el caso de nuestra m\u00fasica tropical, es de esperarse la alegr\u00eda que le precede. El mundo sonr\u00ede cuando nos escucha con nuestra m\u00fasica. No pueden evitar sentirla hasta en los huesos\u201d, refiri\u00f3 Ceara.<\/p>\n\n\n\n<figure class=\"wp-block-image\"><img decoding=\"async\" src=\"https:\/\/listindiario.com\/files\/composite_image\/uploads\/2025\/08\/06\/6893cc6bf0319.jpeg\" alt=\"Covi Quintana - Temblor y R\u00e9plica | Visualizer Oficial\n\nDirigido por Maria Eliza Franco\n\nEsc\u00fachala y gu\u00e1rdala en plataformas: \n\nSigue a Covi Quintana en:\nSpotify: https:\/\/open.spotify.com\/intl-es\/artist\/2sSqkk6j5gRa7MzeQqMfIN?si=sSJXKvIwQEGGc_-6aFDJ3A\nInstagram: https:\/\/www.instagram.com\/coviquintana\nTikTok: https:\/\/www.tiktok.com\/@coviquintana?lang=es-419\nFacebook: https:\/\/www.facebook.com\/coviquintana\/?locale=es_LA\n\n\nLetras\n\nMe duele la cabeza de no verte\nMis ojos ven en blanco y negro desde que no vienes\nEl coraz\u00f3n en cama, en coma, casi muerto\nMis nervios ya no tiemblan como un flan\n\nLa sangre se me puso como un hielo\nLos dedos de las manos no se mueven ya hace tiempo\nSe me olvid\u00f3 hasta hacer un sandwich de jam\u00f3n y queso\nNo se apenas decir mi nombre entero, ay sin pensar en ti primero\n\nYo quisiera que fuera esto al rev\u00e9s\nYo tan fuego y tu dispuesta a quemarte de nuevo\nYo quisiera que fuera esto al rev\u00e9s\nYo un temblor de tierra y t\u00fa la r\u00e9plica que en mi se queda\n\nLos d\u00edas solo me duran dos horas\nMe dijo la psic\u00f3loga que de esta salgo loca\nYo ya no siento nada igual, aqu\u00ed sin ti nada es igual\nA veces hasta me cuesta respirar cuando me acuerdo que no est\u00e1s\n\nYo quisiera que fuera esto al rev\u00e9s\nYo tan fuego y tu dispuesta a quemarte de nuevo\nYo quisiera que fuera esto al rev\u00e9s\nYo un temblor de tierra y t\u00fa la r\u00e9plica que en mi\n\nYo un hurac\u00e1n y t\u00fa lo que volando llega\nYo el coco que se duerme en tu palmera\nyo un apag\u00f3n y t\u00fa el bombillo que me alerta\nYo abeja y tu la miel que me alimenta\nt\u00fa mi cable a tierra\n\nYo quisiera que fuera esto al rev\u00e9s\nYo tan fuego y tu dispuesta a quemarte de nuevo\nYo quisiera que fuera esto al rev\u00e9s\nYo un temblor de tierra y t\u00fa la r\u00e9plica que en mi\n\nCompositor: Estefan\u00eda Covadonga Ruiz Quintana\n\n\u00a92025 COVI QUINTANA\"\/><figcaption class=\"wp-element-caption\">Covi Quintana &#8211; Temblor y R\u00e9plica . Video.<\/figcaption><\/figure>\n\n\n\n<p>En ese sentido,<strong>&nbsp;la cantautora Covi Quintana<\/strong>&nbsp;tambi\u00e9n observ\u00f3 que la respuesta de los consumidores ante las mezclas de los ritmos m\u00e1s animados es el agente que ha movido a los artistas a presentar propuestas musicales con ritmos tropicales.<\/p>\n\n\n\n<p>\u201cEntiendo que aqu\u00ed los ritmos alegres juegan un papel prioritario e importante a la hora de ser compartidos por los oyentes, a su vez el factor cultural de la mezcla de ritmos y nacionalidades tambi\u00e9n. Para nadie es un secreto que la m\u00fasica bailable est\u00e1 mucho m\u00e1s presente en eventos masivos por su versatilidad y melod\u00edas pegajosas\u201d, manifest\u00f3 Quintana.<\/p>\n\n\n\n<h3 class=\"wp-block-heading\">OPINI\u00d3N DE EXPERTO<\/h3>\n\n\n\n<p>Para el presidente de La Oreja Media Group, Porfirio Pi\u00f1a todo tiene que ver con la base r\u00edtmica y melod\u00eda que se pueden fusionarse con los ritmos tropicales que exponen diversos g\u00e9neros musicales como la bachata, el merengue, la salsa, el fandango, el porro, el paseo, la cumbia, el vallenato, a estos se suman el reggae y el ska, g\u00e9neros considerados como parte de la m\u00fasica afroantillana y de la m\u00fasica afroamericana.<\/p>\n\n\n\n<p>\u201cLos artistas urbanos, pop, rock y otros g\u00e9neros se sienten atra\u00eddos por la m\u00fasica tropical como la salsa, bachata y merengue debido a que esta proporciona una base r\u00edtmica y mel\u00f3dica que se puede fusionar con los suyos propios e innovar creando nuevos sonidos. Lo m\u00e1s importante es una forma de conectar con sus ra\u00edces culturales y honrar a sus familiares, los cuales alimentaron sus o\u00eddos a trav\u00e9s de sus herencias afro-antillanas e influenciaron a muchos artistas con la m\u00fasica tropical. Es importante recalcar que la m\u00fasica tropical es inherentemente pegadiza y propicia el movimiento para hacer mover el esqueleto\u201d, expuso Pi\u00f1a.<\/p>\n","protected":false},"excerpt":{"rendered":"<p>Entre los dominicanos figuran Vicente Garc\u00eda, Pavel N\u00fa\u00f1ez, Techy, Frank Ceara y Covi Quintana, mientras<\/p>\n","protected":false},"author":1,"featured_media":18826,"comment_status":"open","ping_status":"open","sticky":false,"template":"","format":"standard","meta":{"footnotes":""},"categories":[11],"tags":[],"class_list":["post-18825","post","type-post","status-publish","format-standard","has-post-thumbnail","hentry","category-entretenimiento"],"_links":{"self":[{"href":"https:\/\/samantharadionline.com\/index.php\/wp-json\/wp\/v2\/posts\/18825","targetHints":{"allow":["GET"]}}],"collection":[{"href":"https:\/\/samantharadionline.com\/index.php\/wp-json\/wp\/v2\/posts"}],"about":[{"href":"https:\/\/samantharadionline.com\/index.php\/wp-json\/wp\/v2\/types\/post"}],"author":[{"embeddable":true,"href":"https:\/\/samantharadionline.com\/index.php\/wp-json\/wp\/v2\/users\/1"}],"replies":[{"embeddable":true,"href":"https:\/\/samantharadionline.com\/index.php\/wp-json\/wp\/v2\/comments?post=18825"}],"version-history":[{"count":1,"href":"https:\/\/samantharadionline.com\/index.php\/wp-json\/wp\/v2\/posts\/18825\/revisions"}],"predecessor-version":[{"id":18827,"href":"https:\/\/samantharadionline.com\/index.php\/wp-json\/wp\/v2\/posts\/18825\/revisions\/18827"}],"wp:featuredmedia":[{"embeddable":true,"href":"https:\/\/samantharadionline.com\/index.php\/wp-json\/wp\/v2\/media\/18826"}],"wp:attachment":[{"href":"https:\/\/samantharadionline.com\/index.php\/wp-json\/wp\/v2\/media?parent=18825"}],"wp:term":[{"taxonomy":"category","embeddable":true,"href":"https:\/\/samantharadionline.com\/index.php\/wp-json\/wp\/v2\/categories?post=18825"},{"taxonomy":"post_tag","embeddable":true,"href":"https:\/\/samantharadionline.com\/index.php\/wp-json\/wp\/v2\/tags?post=18825"}],"curies":[{"name":"wp","href":"https:\/\/api.w.org\/{rel}","templated":true}]}}