{"id":18818,"date":"2025-08-26T08:28:13","date_gmt":"2025-08-26T12:28:13","guid":{"rendered":"https:\/\/samantharadionline.com\/?p=18818"},"modified":"2025-08-26T08:28:14","modified_gmt":"2025-08-26T12:28:14","slug":"turismo-tendra-el-primer-taxi-volador-sin-piloto-en-rd","status":"publish","type":"post","link":"https:\/\/samantharadionline.com\/index.php\/2025\/08\/26\/turismo-tendra-el-primer-taxi-volador-sin-piloto-en-rd\/","title":{"rendered":"Turismo tendr\u00e1 el primer taxi volador sin piloto en RD"},"content":{"rendered":"\n<p class=\"has-medium-font-size\"><em>Se revel\u00f3 que la iniciativa surge luego de haber visto modelos similares en otros pa\u00edses como Corea del Sur y Estados Unidos<\/em><\/p>\n\n\n\n<figure class=\"wp-block-image\"><img decoding=\"async\" src=\"https:\/\/listindiario.com\/files\/image_60_60\/uploads\/2025\/01\/21\/678fb75857033.png\" alt=\"Avatar del Elkys Cruz\"\/><\/figure>\n\n\n\n<p><em>\u00a0<\/em>Elkys Cruz, <strong>Santo Domingo, RD.<\/strong><\/p>\n\n\n\n<p>Con la idea de modernizar el&nbsp;<strong>sector tur\u00edstico<\/strong>&nbsp;y reducir las horas de congesti\u00f3n vehicular, ponen en marcha el primer \u00ab<strong>taxi drone<\/strong>\u00bb en&nbsp;<strong>Rep\u00fablica Dominicana<\/strong>. Una idea del empresario&nbsp;<strong>Karim Abu Naba<\/strong>, apodado \u201c<strong>Pr\u00edncipe Karim<\/strong>\u201d.<\/p>\n\n\n\n<p>En conversaci\u00f3n con&nbsp;<strong>List\u00edn Diario<\/strong>, revel\u00f3 que la iniciativa surge luego de haber visto modelos similares en otros pa\u00edses como&nbsp;<strong>Corea del Sur<\/strong>&nbsp;y&nbsp;<strong>Estados Unidos<\/strong>; sin embargo, ninguno de estos le produjo m\u00e1s satisfacci\u00f3n como los de&nbsp;<strong>China<\/strong>, en el continente asi\u00e1tico.<\/p>\n\n\n\n<p>\u201cEs una idea que planeaba hace muchos a\u00f1os. Viaj\u00e9 al mundo entero, vi (drone volador) de los Estados Unidos, no me gust\u00f3, el de Corea del Sur, y no me gust\u00f3, hasta que fui a China y vi la \u00faltima tecnolog\u00eda, la m\u00e1s eficiente\u201d, expres\u00f3 durante la entrevista.<\/p>\n\n\n\n<p>Sin embargo, detall\u00f3 que modelos como estos tambi\u00e9n est\u00e1n disponibles en&nbsp;<strong>M\u00e9xico<\/strong>&nbsp;y&nbsp;<strong>Brasil<\/strong>, pero no est\u00e1n en funcionamiento.<\/p>\n\n\n\n<p>Asimismo, indic\u00f3 que, a pesar de contar con un solo ejemplar por el momento, pretende tener 12 del mismo modelo. Esto con el objetivo de que el transporte a\u00e9reo se expanda a los distintos puntos del pa\u00eds.<\/p>\n\n\n\n<p>Esta ruta pretende iniciar en algunos puntos importantes del pa\u00eds como&nbsp;<strong>Saman\u00e1<\/strong>,&nbsp;<strong>Bah\u00eda de las \u00c1guilas<\/strong>,&nbsp;<strong>Monte Cristi<\/strong>,&nbsp;<strong>CapCana<\/strong>,&nbsp;<strong>Santiago<\/strong>,&nbsp;<strong>Puerto Plata<\/strong>,&nbsp;<strong>Pedernales<\/strong>,&nbsp;<strong>Distrito Nacional<\/strong>,&nbsp;<strong>Santiago<\/strong>&nbsp;y&nbsp;<strong>Punta Cana<\/strong>, pero luego de su implementaci\u00f3n se extender\u00e1 en las 32 provincias de Rep\u00fablica Dominicana.<\/p>\n\n\n\n<h3 class=\"wp-block-heading\">\u00bfC\u00f3mo funciona el drone?<\/h3>\n\n\n\n<p>Este veh\u00edculo a\u00e9reo no tripulado pretende ser utilizado de manera similar a un vuelo comercial.<\/p>\n\n\n\n<p>Sin embargo, cuenta con algunas peculiaridades, como tener capacidad para dos pasajeros en su interior. Mientras el piloto y copiloto permanecen en tierra firme dirigiendo los controles que manipulan el drone hasta llegar al destino establecido.<\/p>\n\n\n\n<p>Seg\u00fan detall\u00f3 el empresario, para obtener el servicio de transporte se ha desarrollado una aplicaci\u00f3n online llamada \u201cFluir\u201d. Cuyo costo del servicio ser\u00e1 \u201casequible\u201d. El mismo oscilar\u00e1 entre los&nbsp;<strong>100 d\u00f3lares<\/strong>.<\/p>\n\n\n\n<p>Eddy Matos, piloto del taxi volador, explic\u00f3 que estos drones funcionan con energ\u00eda el\u00e9ctrica, por lo que no se abastecen de gas licuado de petr\u00f3leo.<\/p>\n\n\n\n<p>Adem\u00e1s, tienen 16 h\u00e9lices y una capacidad de vuelo de 30 minutos, tiempo en el que pueden recorrer una distancia de 30 kil\u00f3metros.<\/p>\n\n\n\n<figure class=\"wp-block-image\" id=\"m11610-11609-11611\"><img decoding=\"async\" src=\"https:\/\/listindiario.com\/files\/vertical_main_image\/uploads\/2025\/08\/25\/68acfef01d7c7.jpeg\" alt=\"&quot;Taxi drone&quot;, abordado por el &quot;Principe Karim&quot;\"\/><figcaption class=\"wp-element-caption\">\u00abTaxi drone\u00bb, abordado por el \u00abPrincipe Karim\u00bbLeonel Matos<\/figcaption><\/figure>\n\n\n\n<p>\u201cEl piloto se queda en el piso con dos computadoras conectadas a los sat\u00e9lites desde China. Tenemos dos dominicanos entrenados en pilotar este drone quienes duraron unos 45 d\u00edas en China prepar\u00e1ndose\u201d, puntualiz\u00f3.<\/p>\n\n\n\n<h3 class=\"wp-block-heading\">Inversi\u00f3n<\/h3>\n\n\n\n<p>De acuerdo con el empresario Karim Abu Naba, cada drone tiene un costo de US500 mil d\u00f3lares.<\/p>\n\n\n\n<p>Adem\u00e1s, explic\u00f3 que entidades gubernamentales han favorecido la iniciativa.<\/p>\n\n\n\n<p>Indicando que se encuentra en conversaci\u00f3n con las autoridades del Instituto Dominicano de Aviaci\u00f3n Civil (Idac) para regular el uso de estos drones en el pa\u00eds y valerse de una empleoman\u00eda acorde al proyecto.<\/p>\n","protected":false},"excerpt":{"rendered":"<p>Se revel\u00f3 que la iniciativa surge luego de haber visto modelos similares en otros pa\u00edses<\/p>\n","protected":false},"author":1,"featured_media":18819,"comment_status":"open","ping_status":"open","sticky":false,"template":"","format":"standard","meta":{"footnotes":""},"categories":[1],"tags":[],"class_list":["post-18818","post","type-post","status-publish","format-standard","has-post-thumbnail","hentry","category-blog"],"_links":{"self":[{"href":"https:\/\/samantharadionline.com\/index.php\/wp-json\/wp\/v2\/posts\/18818","targetHints":{"allow":["GET"]}}],"collection":[{"href":"https:\/\/samantharadionline.com\/index.php\/wp-json\/wp\/v2\/posts"}],"about":[{"href":"https:\/\/samantharadionline.com\/index.php\/wp-json\/wp\/v2\/types\/post"}],"author":[{"embeddable":true,"href":"https:\/\/samantharadionline.com\/index.php\/wp-json\/wp\/v2\/users\/1"}],"replies":[{"embeddable":true,"href":"https:\/\/samantharadionline.com\/index.php\/wp-json\/wp\/v2\/comments?post=18818"}],"version-history":[{"count":1,"href":"https:\/\/samantharadionline.com\/index.php\/wp-json\/wp\/v2\/posts\/18818\/revisions"}],"predecessor-version":[{"id":18820,"href":"https:\/\/samantharadionline.com\/index.php\/wp-json\/wp\/v2\/posts\/18818\/revisions\/18820"}],"wp:featuredmedia":[{"embeddable":true,"href":"https:\/\/samantharadionline.com\/index.php\/wp-json\/wp\/v2\/media\/18819"}],"wp:attachment":[{"href":"https:\/\/samantharadionline.com\/index.php\/wp-json\/wp\/v2\/media?parent=18818"}],"wp:term":[{"taxonomy":"category","embeddable":true,"href":"https:\/\/samantharadionline.com\/index.php\/wp-json\/wp\/v2\/categories?post=18818"},{"taxonomy":"post_tag","embeddable":true,"href":"https:\/\/samantharadionline.com\/index.php\/wp-json\/wp\/v2\/tags?post=18818"}],"curies":[{"name":"wp","href":"https:\/\/api.w.org\/{rel}","templated":true}]}}