{"id":18812,"date":"2025-08-26T08:14:08","date_gmt":"2025-08-26T12:14:08","guid":{"rendered":"https:\/\/samantharadionline.com\/?p=18812"},"modified":"2025-08-26T08:14:08","modified_gmt":"2025-08-26T12:14:08","slug":"gobierno-continua-apostando-a-las-areas-de-stem","status":"publish","type":"post","link":"https:\/\/samantharadionline.com\/index.php\/2025\/08\/26\/gobierno-continua-apostando-a-las-areas-de-stem\/","title":{"rendered":"Gobierno contin\u00faa apostando a las \u00e1reas de STEM"},"content":{"rendered":"\n<p class=\"has-medium-font-size\"><em>Durante La Semanal, el Ministerio de Educaci\u00f3n (Minerd) se\u00f1al\u00f3 que ya se encuentran dise\u00f1ando la elaboraci\u00f3n de gu\u00edas STEM en las escuelas<\/em><\/p>\n\n\n\n<figure class=\"wp-block-image\"><img decoding=\"async\" src=\"https:\/\/listindiario.com\/files\/image_60_60\/uploads\/2023\/06\/15\/648bb0d62900f.jpeg\" alt=\"Avatar del Audry Trinidad\"\/><\/figure>\n\n\n\n<p><em>\u00a0<\/em>Audry Trinidad,<strong> Santo Domingo, RD\u00a0<\/strong><\/p>\n\n\n\n<p>Desde que asumi\u00f3 la Presidencia de la Rep\u00fablica, el fortalecimiento de las \u00e1reas de ciencia, tecnolog\u00eda, ingenier\u00eda y matem\u00e1ticas (<strong>STEM<\/strong>, en ingl\u00e9s) en el pa\u00eds ha sido una de las principales tareas del presidente<strong>&nbsp;Luis Abinader<\/strong>.<\/p>\n\n\n\n<p>Con el nuevo a\u00f1o escolar iniciando en el d\u00eda de ayer, el mandatario confirm\u00f3 que el STEM es uno de los componentes de los cuatro ejes fundamentales del&nbsp;<strong>curr\u00edculo estudiantil<\/strong>&nbsp;para este per\u00edodo.<\/p>\n\n\n\n<p>El STEM formar\u00e1 parte del primer eje, denominado \u201cEducaci\u00f3n que ense\u00f1e de verdad\u201d mediante el cual el Gobierno garantiza que los estudiantes que forman parte del sistema p\u00fablico recibir\u00e1n una \u201c<strong>ense\u00f1anza de calidad<\/strong>\u201ddesde el aula a trav\u00e9s de programas de alfabetizaci\u00f3n temprana, mejora en los aprendizajes y uso de tecnolog\u00eda, incluyendo rob\u00f3tica y herramientas de inteligencia artificial para fortalecer las matem\u00e1ticas en secundaria.<\/p>\n\n\n\n<p>Durante La Semanal, el Ministerio de Educaci\u00f3n (Minerd) se\u00f1al\u00f3 que ya se encuentran dise\u00f1ando la elaboraci\u00f3n de gu\u00edas STEM en las escuelas.<\/p>\n\n\n\n<p><strong>Lea tambi\u00e9n<\/strong><\/p>\n\n\n\n<p>As\u00ed lo inform\u00f3 la viceministra de Asuntos T\u00e9cnicos y Pedag\u00f3gicos del Ministerio de Educaci\u00f3n, Ancell Scheker, quien indic\u00f3 que han elaborado siete gu\u00edas de&nbsp;<strong>STEM para el segundo ciclo de primaria y secundaria<\/strong>, as\u00ed como tambi\u00e9n una gu\u00eda para el nivel inicial.<\/p>\n\n\n\n<p>Seg\u00fan explic\u00f3, esto permitir\u00e1 dar ejemplos a los docentes de c\u00f3mo realizar proyectos en el que se integren todas esas \u00e1reas. Scheker sostuvo que el prop\u00f3sito de promover el enfoque STEM en los centros educativos gradualmente, por lo que durante la jornada de verano m\u00e1s de 132,000 docentes tuvieron la oportunidad de trabajar sobre este tema.<\/p>\n\n\n\n<p>\u201cTuvimos apoyo de expertos internacionales, y tambi\u00e9n hicimos pr\u00e1cticas de como planificar en el aula y evaluar con este enfoque, todas estas semanas tuvimos un proceso de informaci\u00f3n\u201d, expres\u00f3 la viceministra.<\/p>\n\n\n\n<p>La docente resalt\u00f3 que a trav\u00e9s del Instituto Nacional de Formaci\u00f3n y Capacitaci\u00f3n del Magisterio (<strong>Inafocam<\/strong>) se han impartido diplomados y talleres sobre el enfoque STEM y competencias digitales, a los docentes.<\/p>\n\n\n\n<p>\u201cPorque los docentes que no son nativos digitales debemos trabajar arduamente en esa formaci\u00f3n. Ya tenemos m\u00e1s de 20,00 docentes que han pasado por cursos de STEM, eso va acompa\u00f1ado con una entrega de dispositivos y kits de rob\u00f3tica en los centros educativos\u201d, afirm\u00f3.<\/p>\n\n\n\n<p>Asimismo, destac\u00f3 que a trav\u00e9s de las ferias de rob\u00f3tica los estudiantes han demostrado sus aprendizajes y que se tiene una \u201cformaci\u00f3n continua en esa \u00e1rea, en acompa\u00f1amiento con instituciones superiores, y acompa\u00f1amiento en la pr\u00e1ctica\u201d.<\/p>\n\n\n\n<p><strong>Lea tambi\u00e9n<\/strong><\/p>\n\n\n\n<p>Sobre los dem\u00e1s ejes, Abinader indic\u00f3 que el segundo ser\u00e1 para garantizar una educaci\u00f3n que \u201cabra puertas a la empleabilidad\u201d, con la ampliaci\u00f3n de la educaci\u00f3n t\u00e9cnico-profesional, ense\u00f1anza de ingl\u00e9s y programas para j\u00f3venes y adultos.<\/p>\n\n\n\n<p>El tercero trata sobre una \u201ceducaci\u00f3n sin excusas ni exclusiones\u201d, mediante la implementaci\u00f3n del transporte escolar nacional,que ya opera con 1,871 autobuses en 660 rutas, incluyendo unidades accesibles para&nbsp;<strong>estudiantes&nbsp;<\/strong>con discapacidad. Asimismo, garantiz\u00f3 la cobertura del&nbsp;<strong>Plan de Alimentaci\u00f3n Escolar<\/strong>&nbsp;(PAE) y la entrega de m\u00e1s de un mill\u00f3n de kits escolares en 69 distritos.<\/p>\n","protected":false},"excerpt":{"rendered":"<p>Durante La Semanal, el Ministerio de Educaci\u00f3n (Minerd) se\u00f1al\u00f3 que ya se encuentran dise\u00f1ando la<\/p>\n","protected":false},"author":1,"featured_media":18813,"comment_status":"open","ping_status":"open","sticky":false,"template":"","format":"standard","meta":{"footnotes":""},"categories":[12],"tags":[],"class_list":["post-18812","post","type-post","status-publish","format-standard","has-post-thumbnail","hentry","category-nacionales"],"_links":{"self":[{"href":"https:\/\/samantharadionline.com\/index.php\/wp-json\/wp\/v2\/posts\/18812","targetHints":{"allow":["GET"]}}],"collection":[{"href":"https:\/\/samantharadionline.com\/index.php\/wp-json\/wp\/v2\/posts"}],"about":[{"href":"https:\/\/samantharadionline.com\/index.php\/wp-json\/wp\/v2\/types\/post"}],"author":[{"embeddable":true,"href":"https:\/\/samantharadionline.com\/index.php\/wp-json\/wp\/v2\/users\/1"}],"replies":[{"embeddable":true,"href":"https:\/\/samantharadionline.com\/index.php\/wp-json\/wp\/v2\/comments?post=18812"}],"version-history":[{"count":1,"href":"https:\/\/samantharadionline.com\/index.php\/wp-json\/wp\/v2\/posts\/18812\/revisions"}],"predecessor-version":[{"id":18814,"href":"https:\/\/samantharadionline.com\/index.php\/wp-json\/wp\/v2\/posts\/18812\/revisions\/18814"}],"wp:featuredmedia":[{"embeddable":true,"href":"https:\/\/samantharadionline.com\/index.php\/wp-json\/wp\/v2\/media\/18813"}],"wp:attachment":[{"href":"https:\/\/samantharadionline.com\/index.php\/wp-json\/wp\/v2\/media?parent=18812"}],"wp:term":[{"taxonomy":"category","embeddable":true,"href":"https:\/\/samantharadionline.com\/index.php\/wp-json\/wp\/v2\/categories?post=18812"},{"taxonomy":"post_tag","embeddable":true,"href":"https:\/\/samantharadionline.com\/index.php\/wp-json\/wp\/v2\/tags?post=18812"}],"curies":[{"name":"wp","href":"https:\/\/api.w.org\/{rel}","templated":true}]}}