{"id":18809,"date":"2025-08-26T08:11:56","date_gmt":"2025-08-26T12:11:56","guid":{"rendered":"https:\/\/samantharadionline.com\/?p=18809"},"modified":"2025-08-26T08:11:57","modified_gmt":"2025-08-26T12:11:57","slug":"franklin-dominguez-patriarca-del-teatro-dominicano","status":"publish","type":"post","link":"https:\/\/samantharadionline.com\/index.php\/2025\/08\/26\/franklin-dominguez-patriarca-del-teatro-dominicano\/","title":{"rendered":"Franklin Dom\u00ednguez, patriarca del teatro dominicano"},"content":{"rendered":"\n<p class=\"has-medium-font-size\"><em>Es poseedor de uno de los legados teatrales m\u00e1s amplios y significativos de la cultura dominicana, con m\u00e1s de cien obras escritas para teatro, entre ellas llevadas al cine y presentadas en grandes teatros dominicanos y extranjeros<\/em><\/p>\n\n\n\n<figure class=\"wp-block-image\"><img decoding=\"async\" src=\"https:\/\/listindiario.com\/files\/image_60_60\/uploads\/2023\/05\/16\/6463862752fa8.jpeg\" alt=\"Avatar del Ram\u00f3n Almanzar\"\/><\/figure>\n\n\n\n<p><em>\u00a0<\/em>Ram\u00f3n Almanzar, <strong>Santo Domingo<\/strong><\/p>\n\n\n\n<p><strong>Franklin Dom\u00ednguez<\/strong>, patriarca del teatro dominicano, muri\u00f3 luego de siete a\u00f1os que se le declar\u00f3 una met\u00e1stasis \u00f3sea, inform\u00f3 este martes su hija. Ten\u00eda 94 a\u00f1os de edad.<\/p>\n\n\n\n<p>El dramaturgo y primer actor&nbsp;<strong>fue diagnosticado con c\u00e1ncer de pr\u00f3stata&nbsp;<\/strong>en 2014, y desde el 2018 enfrentaba una met\u00e1stasis \u00f3sea, con una rotura del f\u00e9mur, que lo oblig\u00f3 a permanecer en cama hasta la hora de su muerte.<\/p>\n\n\n\n<p>Hace una semana hab\u00eda sido ingresado al centro m\u00e9dico Corazones Unidos debido al deterioro de su salud.<\/p>\n\n\n\n<p><strong>Dom\u00ednguez es poseedor de uno de los legados<\/strong>&nbsp;teatrales m\u00e1s amplios y significativos de la cultura dominicana, con m\u00e1s de cien obras escritas para teatro, entre ellas llevadas al cine y presentadas en grandes teatros dominicanos y extranjeros, siendo traducidas al ingl\u00e9s, franc\u00e9s, chino y ruso.<\/p>\n\n\n\n<p>Su producci\u00f3n dram\u00e1tica es abundante y abarca la comedia, la tragedia, la s\u00e1tira pol\u00edtica, el teatro infantil, la \u00f3pera, la comedia musical y el drama cotidiano.<\/p>\n\n\n\n<p>Seg\u00fan el profesor Odalis G. P\u00e9rez, en una declaraciones ofrecidas en 2023, Dom\u00ednguez es el autor teatral con la mayor cantidad de antolog\u00edas de autor en la bibliograf\u00eda dominicana y es un escritor cuyo estudio resulta imprescindible para la historiograf\u00eda de la literatura dram\u00e1tica local.<\/p>\n\n\n\n<p>\u00abEl teatro es mi vida, encontr\u00e9 en el teatro una pasi\u00f3n inexplicable, a pesar de que siempre me desarroll\u00e9 en otros trabajos\u201d, coment\u00f3 en 2023 a List\u00edn Diario durante una de sus \u00faltimas entrevistas.<\/p>\n\n\n\n<p><strong>Frnklin Dom\u00ednguez<\/strong>\u00a0naci\u00f3 el 5 de junio de 1931 en Santiago de los Caballeros, donde comenz\u00f3 su desarrollo en el arte y la cultura.<\/p>\n\n\n\n<p>Aunque su fuerte fueron los escenarios teatrales, en 1963 dirigi\u00f3 lo que muchos consideran la primera pel\u00edcula dominicana, \u00abLa silla\u00bb, protagonizada por el actor Camilo Carrau.<\/p>\n\n\n\n<p>Adem\u00e1s de artista, en el transcurrir de los a\u00f1os fue director de Informaci\u00f3n y Prensa de la Presidencia de la Rep\u00fablica Dominicana bajo cinco presidentes (Juan Bosch -1963, Molina Ure\u00f1a y el Coronel Caama\u00f1o &#8211; 1965, Garc\u00eda Godoy &#8211; 1966, y Antonio Guzm\u00e1n &#8211; 1978).<\/p>\n\n\n\n<p>Tambi\u00e9n fue director de la Direcci\u00f3n General de Bellas Artes en dos ocasiones y presidente de la Sociedad de Autores y Compositores Dram\u00e1ticos de Rep\u00fablica Dominicana.<\/p>\n\n\n\n<p>Por igual, fund\u00f3 la agrupaci\u00f3n pol\u00edtica Movimiento de Conciliaci\u00f3n Nacional, de la que lleg\u00f3 a ser candidato presidencial del pa\u00eds.<\/p>\n\n\n\n<p>Avalado por sus estudios en la Escuela Nacional de Bellas Artes en Santo Domingo, una licenciatura filosof\u00eda y doctorado en derecho por la Universidad Aut\u00f3noma de Santo Domingo, fue miembro de la Academia Dominicana de la Lengua y acad\u00e9mico correspondiente a Rep\u00fablica Dominicana de la Real Academia de la Lengua Espa\u00f1ola.<\/p>\n","protected":false},"excerpt":{"rendered":"<p>Es poseedor de uno de los legados teatrales m\u00e1s amplios y significativos de la cultura<\/p>\n","protected":false},"author":1,"featured_media":18810,"comment_status":"open","ping_status":"open","sticky":false,"template":"","format":"standard","meta":{"footnotes":""},"categories":[11],"tags":[],"class_list":["post-18809","post","type-post","status-publish","format-standard","has-post-thumbnail","hentry","category-entretenimiento"],"_links":{"self":[{"href":"https:\/\/samantharadionline.com\/index.php\/wp-json\/wp\/v2\/posts\/18809","targetHints":{"allow":["GET"]}}],"collection":[{"href":"https:\/\/samantharadionline.com\/index.php\/wp-json\/wp\/v2\/posts"}],"about":[{"href":"https:\/\/samantharadionline.com\/index.php\/wp-json\/wp\/v2\/types\/post"}],"author":[{"embeddable":true,"href":"https:\/\/samantharadionline.com\/index.php\/wp-json\/wp\/v2\/users\/1"}],"replies":[{"embeddable":true,"href":"https:\/\/samantharadionline.com\/index.php\/wp-json\/wp\/v2\/comments?post=18809"}],"version-history":[{"count":1,"href":"https:\/\/samantharadionline.com\/index.php\/wp-json\/wp\/v2\/posts\/18809\/revisions"}],"predecessor-version":[{"id":18811,"href":"https:\/\/samantharadionline.com\/index.php\/wp-json\/wp\/v2\/posts\/18809\/revisions\/18811"}],"wp:featuredmedia":[{"embeddable":true,"href":"https:\/\/samantharadionline.com\/index.php\/wp-json\/wp\/v2\/media\/18810"}],"wp:attachment":[{"href":"https:\/\/samantharadionline.com\/index.php\/wp-json\/wp\/v2\/media?parent=18809"}],"wp:term":[{"taxonomy":"category","embeddable":true,"href":"https:\/\/samantharadionline.com\/index.php\/wp-json\/wp\/v2\/categories?post=18809"},{"taxonomy":"post_tag","embeddable":true,"href":"https:\/\/samantharadionline.com\/index.php\/wp-json\/wp\/v2\/tags?post=18809"}],"curies":[{"name":"wp","href":"https:\/\/api.w.org\/{rel}","templated":true}]}}