{"id":18806,"date":"2025-08-25T19:54:04","date_gmt":"2025-08-25T23:54:04","guid":{"rendered":"https:\/\/samantharadionline.com\/?p=18806"},"modified":"2025-08-25T19:54:04","modified_gmt":"2025-08-25T23:54:04","slug":"solicitan-rehabilitacion-de-escuela-en-barahona","status":"publish","type":"post","link":"https:\/\/samantharadionline.com\/index.php\/2025\/08\/25\/solicitan-rehabilitacion-de-escuela-en-barahona\/","title":{"rendered":"Solicitan rehabilitaci\u00f3n de Escuela en Barahona"},"content":{"rendered":"\n<p class=\"has-medium-font-size\"><em>Grietas en paredes y columnas, filtraciones en los techos y pisos deteriorados es lo que dificulta a los estudiantes recibir el pan de la ense\u00f1anza<\/em><\/p>\n\n\n\n<figure class=\"wp-block-image\"><img decoding=\"async\" src=\"https:\/\/listindiario.com\/files\/image_60_60\/uploads\/2025\/04\/16\/67ffbd8e8d942.jpeg\" alt=\"Avatar del Benny Rodr\u00edguez\"\/><\/figure>\n\n\n\n<p><em>\u00a0<\/em>Benny Rodr\u00edguez, <strong>Barahona, RD.<\/strong><\/p>\n\n\n\n<p>El Presidente de la&nbsp;<strong>Fundaci\u00f3n Visi\u00f3n Integral<\/strong>&nbsp;(<strong>Fundavic<\/strong>),&nbsp;<strong>Bill Pe\u00f1a<\/strong>, hizo un llamado al Presidente de la Rep\u00fablica,&nbsp;<strong>Luis Abinader<\/strong>, para que disponga la rehabilitaci\u00f3n de la&nbsp;<strong>Escuela Primaria Profesora Marina Sep\u00falveda<\/strong>, ubicada en el municipio de<strong>&nbsp;El Pe\u00f1\u00f3n<\/strong>, provincia&nbsp;<strong>Barahona<\/strong>.<\/p>\n\n\n\n<p>Grietas en paredes y columnas, filtraciones en los techos y pisos deteriorados es lo que dificulta a los estudiantes recibir el pan de la ense\u00f1anza.<\/p>\n\n\n\n<p>Otros da\u00f1os estructurales que presenta el plantel son el mal estado de las puertas y ventanas, que impide la adecuada ventilaci\u00f3n y seguridad del centro de aprendizaje.<\/p>\n\n\n\n<figure class=\"wp-block-image\" id=\"m50551-50550-50552\"><img decoding=\"async\" src=\"https:\/\/listindiario.com\/files\/vertical_main_image\/uploads\/2025\/08\/24\/68ab9f7e2d284.jpeg\" alt=\"Deterioro en la Escuela Primaria Profesora Marina Sep\u00falveda, ubicada en el municipio de El Pe\u00f1\u00f3n, provincia Barahona.\"\/><figcaption class=\"wp-element-caption\">Deterioro en la Escuela Primaria Profesora Marina Sep\u00falveda, ubicada en el municipio de El Pe\u00f1\u00f3n, provincia Barahona.Fuente externa<\/figcaption><\/figure>\n\n\n\n<p>Tambi\u00e9n denunciaron que las condiciones de los ba\u00f1os son \u201cinservibles\u201d por&nbsp;<strong>falta de mantenimiento<\/strong>, lo cual obliga a los alumnos a recurrir a espacios improvisados.<\/p>\n\n\n\n<p>Pe\u00f1a record\u00f3 que la directora del centro educativo ha solicitado formalmente la reparaci\u00f3n desde el a\u00f1o 2020, sin que hasta la fecha las autoridades hayan dado respuesta definitiva.<\/p>\n\n\n\n<p>Adem\u00e1s, la&nbsp;<strong>precariedad<\/strong>&nbsp;del plantel ha llevado a que se habiliten aulas en espacios destinados originalmente al comedor y la biblioteca, limitando el acceso de los&nbsp;<strong>estudiantes&nbsp;<\/strong>a estos servicios esenciales.<\/p>\n\n\n\n<p>\u201cEl gasto en aulas m\u00f3viles pudo haberse evitado si se hubiese atendido a tiempo la reparaci\u00f3n del plantel, que contin\u00faa siendo una necesidad urgente para garantizar un ambiente digno y seguro a nuestros ni\u00f1os y ni\u00f1as\u201d, expres\u00f3 el presidente de Fundavic.<\/p>\n\n\n\n<figure class=\"wp-block-image\" id=\"m50563-50562-50564\"><img decoding=\"async\" src=\"https:\/\/listindiario.com\/files\/vertical_main_image\/uploads\/2025\/08\/24\/68aba0936116e.jpeg\" alt=\"Falta de mantenimiento en el plantel.\"\/><figcaption class=\"wp-element-caption\">Falta de mantenimiento en el plantel.Fuente externa<\/figcaption><\/figure>\n\n\n\n<p>El representante de Fundavic reiter\u00f3 que la rehabilitaci\u00f3n de la escuela es un acto de justicia social con la comunidad de El Pe\u00f1\u00f3n, por lo que solicit\u00f3 al presidente Luis&nbsp;Abinader a responder a este reclamo que impacta directamente la educaci\u00f3n de la ni\u00f1ez barahonera.<\/p>\n\n\n\n<h3 class=\"wp-block-heading\">Sobre el centro educativo<\/h3>\n\n\n\n<p>El centro educativo fue construido durante el per\u00edodo 1986-1990, bajo la gesti\u00f3n del entonces presidente Dr.&nbsp;<strong>Joaqu\u00edn Balaguer<\/strong>, y posteriormente rehabilitado en el a\u00f1o 2007 por el presidente Dr.&nbsp;<strong>Leonel Fern\u00e1ndez Reina<\/strong>.<\/p>\n","protected":false},"excerpt":{"rendered":"<p>Grietas en paredes y columnas, filtraciones en los techos y pisos deteriorados es lo que<\/p>\n","protected":false},"author":1,"featured_media":18807,"comment_status":"open","ping_status":"open","sticky":false,"template":"","format":"standard","meta":{"footnotes":""},"categories":[12],"tags":[],"class_list":["post-18806","post","type-post","status-publish","format-standard","has-post-thumbnail","hentry","category-nacionales"],"_links":{"self":[{"href":"https:\/\/samantharadionline.com\/index.php\/wp-json\/wp\/v2\/posts\/18806","targetHints":{"allow":["GET"]}}],"collection":[{"href":"https:\/\/samantharadionline.com\/index.php\/wp-json\/wp\/v2\/posts"}],"about":[{"href":"https:\/\/samantharadionline.com\/index.php\/wp-json\/wp\/v2\/types\/post"}],"author":[{"embeddable":true,"href":"https:\/\/samantharadionline.com\/index.php\/wp-json\/wp\/v2\/users\/1"}],"replies":[{"embeddable":true,"href":"https:\/\/samantharadionline.com\/index.php\/wp-json\/wp\/v2\/comments?post=18806"}],"version-history":[{"count":1,"href":"https:\/\/samantharadionline.com\/index.php\/wp-json\/wp\/v2\/posts\/18806\/revisions"}],"predecessor-version":[{"id":18808,"href":"https:\/\/samantharadionline.com\/index.php\/wp-json\/wp\/v2\/posts\/18806\/revisions\/18808"}],"wp:featuredmedia":[{"embeddable":true,"href":"https:\/\/samantharadionline.com\/index.php\/wp-json\/wp\/v2\/media\/18807"}],"wp:attachment":[{"href":"https:\/\/samantharadionline.com\/index.php\/wp-json\/wp\/v2\/media?parent=18806"}],"wp:term":[{"taxonomy":"category","embeddable":true,"href":"https:\/\/samantharadionline.com\/index.php\/wp-json\/wp\/v2\/categories?post=18806"},{"taxonomy":"post_tag","embeddable":true,"href":"https:\/\/samantharadionline.com\/index.php\/wp-json\/wp\/v2\/tags?post=18806"}],"curies":[{"name":"wp","href":"https:\/\/api.w.org\/{rel}","templated":true}]}}