{"id":18803,"date":"2025-08-25T19:51:18","date_gmt":"2025-08-25T23:51:18","guid":{"rendered":"https:\/\/samantharadionline.com\/?p=18803"},"modified":"2025-08-25T19:51:19","modified_gmt":"2025-08-25T23:51:19","slug":"la-tormenta-tropical-juliette","status":"publish","type":"post","link":"https:\/\/samantharadionline.com\/index.php\/2025\/08\/25\/la-tormenta-tropical-juliette\/","title":{"rendered":"La tormenta tropical Juliette"},"content":{"rendered":"\n<p class=\"has-medium-font-size\"><em>La tormenta Juliette registra vientos m\u00e1ximos sostenidos de 65 kil\u00f3metros por hora (km\/h), rachas de 85 km\/h y se desplaza hacia el oeste-noroeste a 20 km\/h.<\/em><\/p>\n\n\n\n<figure class=\"wp-block-image\"><img decoding=\"async\" src=\"https:\/\/listindiario.com\/files\/image_60_60\/uploads\/2023\/05\/23\/646cd02f4f53e.jpeg\" alt=\"Avatar del Agencia EFE\"\/><\/figure>\n\n\n\n<p><em>\u00a0<\/em>Agencia EFE,<strong> Ciudad de M\u00e9xico<\/strong><\/p>\n\n\n\n<p>La<strong>&nbsp;tormenta tropical Juliette,<\/strong>&nbsp;el d\u00e9cimo cicl\u00f3n de la temporada, se form\u00f3 en las \u00faltimas horas en el&nbsp;<strong>oc\u00e9ano Pac\u00edfico<\/strong>, frente a las costas de Baja California Sur, en el noroeste de M\u00e9xico, inform\u00f3 este lunes el&nbsp;<strong>Servicio Meteorol\u00f3gico Nacional (SMN).<\/strong><\/p>\n\n\n\n<p>En un comunicado, el SMN indic\u00f3 que a las 03:00 hora local (09:00 GMT) el centro de la tormenta se localiz\u00f3 aproximadamente a 705 kil\u00f3metros al sur-suroeste de Cabo San Lucas, Baja California Sur.<\/p>\n\n\n\n<p>El meteoro, apunt\u00f3 el organismo, registra vientos m\u00e1ximos sostenidos de 65 kil\u00f3metros por hora (km\/h), rachas de 85 km\/h y&nbsp;<strong>se desplaza hacia el oeste-noroeste a 20 km\/h.<\/strong><\/p>\n\n\n\n<p>Se\u00f1al\u00f3 adem\u00e1s que se espera que el cicl\u00f3n contin\u00fae movi\u00e9ndose en direcci\u00f3n oeste-noroeste durante lunes y martes, y que luego vire hacia el noroeste y aunque podr\u00eda fortalecerse entre martes y jueves, para el viernes se debilitar\u00eda a baja presi\u00f3n.<\/p>\n\n\n\n<p>Ante ello, el SMN pidi\u00f3 a la poblaci\u00f3n extremar precauciones en las zonas del estado mencionado por oleaje (incluyendo la navegaci\u00f3n mar\u00edtima) y atender las recomendaciones emitidas por las autoridades del Sistema Nacional de Protecci\u00f3n Civil, en dicha entidad.<\/p>\n\n\n\n<p>M\u00e9xico prev\u00e9 hasta 20 ciclones con nombre en el Pac\u00edfico mexicano, de los cuales entre cuatro y seis podr\u00edan ser de categor\u00eda 3, 4 e incluso 5. Hasta ahora se han formado ocho tormentas en el Pac\u00edfico mexicano:&nbsp;<strong>Alvin, B\u00e1rbara, Cosme, Dalila, Erick, Flossie, Gil, Henriette e Ivo.<\/strong><\/p>\n\n\n\n<p>El \u00faltimo hurac\u00e1n registrado en el pa\u00eds fue&nbsp;<strong>Erick<\/strong>, el cual toc\u00f3 tierra en el sur de M\u00e9xico el pasado 19 de junio como<strong>&nbsp;hurac\u00e1n categor\u00eda 3<\/strong>&nbsp;y caus\u00f3 da\u00f1os principalmente en Oaxaca y Guerrero, causando la muerte de un menor y diversas afectaciones en la infraestructura el\u00e9ctrica, viviendas y ca\u00eddas de \u00e1rboles.<\/p>\n","protected":false},"excerpt":{"rendered":"<p>La tormenta Juliette registra vientos m\u00e1ximos sostenidos de 65 kil\u00f3metros por hora (km\/h), rachas de<\/p>\n","protected":false},"author":1,"featured_media":18804,"comment_status":"open","ping_status":"open","sticky":false,"template":"","format":"standard","meta":{"footnotes":""},"categories":[4],"tags":[],"class_list":["post-18803","post","type-post","status-publish","format-standard","has-post-thumbnail","hentry","category-mundiales"],"_links":{"self":[{"href":"https:\/\/samantharadionline.com\/index.php\/wp-json\/wp\/v2\/posts\/18803","targetHints":{"allow":["GET"]}}],"collection":[{"href":"https:\/\/samantharadionline.com\/index.php\/wp-json\/wp\/v2\/posts"}],"about":[{"href":"https:\/\/samantharadionline.com\/index.php\/wp-json\/wp\/v2\/types\/post"}],"author":[{"embeddable":true,"href":"https:\/\/samantharadionline.com\/index.php\/wp-json\/wp\/v2\/users\/1"}],"replies":[{"embeddable":true,"href":"https:\/\/samantharadionline.com\/index.php\/wp-json\/wp\/v2\/comments?post=18803"}],"version-history":[{"count":1,"href":"https:\/\/samantharadionline.com\/index.php\/wp-json\/wp\/v2\/posts\/18803\/revisions"}],"predecessor-version":[{"id":18805,"href":"https:\/\/samantharadionline.com\/index.php\/wp-json\/wp\/v2\/posts\/18803\/revisions\/18805"}],"wp:featuredmedia":[{"embeddable":true,"href":"https:\/\/samantharadionline.com\/index.php\/wp-json\/wp\/v2\/media\/18804"}],"wp:attachment":[{"href":"https:\/\/samantharadionline.com\/index.php\/wp-json\/wp\/v2\/media?parent=18803"}],"wp:term":[{"taxonomy":"category","embeddable":true,"href":"https:\/\/samantharadionline.com\/index.php\/wp-json\/wp\/v2\/categories?post=18803"},{"taxonomy":"post_tag","embeddable":true,"href":"https:\/\/samantharadionline.com\/index.php\/wp-json\/wp\/v2\/tags?post=18803"}],"curies":[{"name":"wp","href":"https:\/\/api.w.org\/{rel}","templated":true}]}}