{"id":18797,"date":"2025-08-25T19:46:46","date_gmt":"2025-08-25T23:46:46","guid":{"rendered":"https:\/\/samantharadionline.com\/?p=18797"},"modified":"2025-08-25T19:46:47","modified_gmt":"2025-08-25T23:46:47","slug":"piden-prision-preventiva-para-acusado-de-matar-a-su-hijo","status":"publish","type":"post","link":"https:\/\/samantharadionline.com\/index.php\/2025\/08\/25\/piden-prision-preventiva-para-acusado-de-matar-a-su-hijo\/","title":{"rendered":"Piden prisi\u00f3n preventiva para acusado de matar a su hijo"},"content":{"rendered":"\n<p class=\"has-medium-font-size\"><em>La instancia fue depositada en el Juzgado de Atenci\u00f3n Permanente del Distrito Nacional por fiscales del Departamento de Cr\u00edmenes y Delitos contra las Personas y se espera que sea conocida este martes<\/em><\/p>\n\n\n\n<figure class=\"wp-block-image\"><img decoding=\"async\" src=\"https:\/\/listindiario.com\/files\/image_60_60\/uploads\/2023\/05\/11\/645d0fa7541ad.png\" alt=\"Avatar del Ram\u00f3n Cruz Benz\u00e1n\"\/><\/figure>\n\n\n\n<p><em>\u00a0<\/em>Ram\u00f3n Cruz Benz\u00e1n, <strong>Santo Domingo, RD<\/strong><\/p>\n\n\n\n<p>La&nbsp;<strong>Fiscal\u00eda del Distrito Nacional&nbsp;<\/strong>solicit\u00f3 prisi\u00f3n preventiva para&nbsp;<strong>Dionys Anderson Zabala Reyes<\/strong>, acusado de la muerte de su hijo de un a\u00f1o y ocho meses de edad en el sector de Los Guandules.<\/p>\n\n\n\n<p>La instancia fue depositada en el Juzgado de Atenci\u00f3n Permanente del Distrito Nacional por fiscales del Departamento de Cr\u00edmenes y Delitos contra las Personas y se espera que sea conocida este martes.<\/p>\n\n\n\n<p>Previo al dep\u00f3sito de la medida de coerci\u00f3n, el imputado fue evaluado por un m\u00e9dico legista de la Fiscal\u00eda y luego trasladado a la c\u00e1rcel preventiva del Palacio de Justicia de Ciudad Nueva.<\/p>\n\n\n\n<p>A su salida, sus respuestas a los periodistas no ten\u00edan sentido, lo que sugiere una posible\u00a0<strong>enfermedad mental<\/strong>.<\/p>\n\n\n\n<p><strong>Lea tambi\u00e9n<\/strong><\/p>\n\n\n\n<h3 class=\"wp-block-heading\">Detalles de la tragedia<\/h3>\n\n\n\n<p>De acuerdo con la solicitud de medida de coerci\u00f3n, en la madrugada del 24 de agosto de 2025, en la calle Ricardo Carty de Los Guandules,&nbsp;<strong>Dionys Anderson Zabala Reyes asfixi\u00f3 a su hijo<\/strong>&nbsp;de forma a\u00fan no esclarecida mientras el ni\u00f1o dorm\u00eda a su lado.<\/p>\n\n\n\n<p>Alrededor de las 4:00 a. m., la madre del imputado, la se\u00f1ora Mercedes Reyes, se despert\u00f3 al escuchar a su hijo orar en voz alta y exclamar: \u201c\u00a1Gracias a Dios por permitirme dormir a mi primog\u00e9nito!\u201d. Preocupada porque el ni\u00f1o no se hab\u00eda levantado a pedir leche, llam\u00f3 a sus otros hijos, Sammy y Yojalvin Zabala Reyes, para que subieran por la pared y abrieran la habitaci\u00f3n.<\/p>\n\n\n\n<p>Una vez adentro, se percataron de que el imputado ten\u00eda a su hijo abrazado y se negaba a soltarlo. Yojalvin Zabala Reyes tuvo que forcejear para quit\u00e1rselo, momento en el que se dio cuenta de que el ni\u00f1o no reaccionaba ni respiraba.<\/p>\n\n\n\n<p>De inmediato, alertaron al 911 y a sus familiares, y una patrulla de la Polic\u00eda Nacional procedi\u00f3 a arrestar al imputado en flagrante delito, ley\u00e9ndole sus derechos.<\/p>\n\n\n\n<p>El&nbsp;<strong>Acta de Levantamiento N\u00famero 0100969<\/strong>, con fecha del 24 de agosto de 2025, confirm\u00f3 que el ni\u00f1o de un a\u00f1o y ocho meses muri\u00f3 por&nbsp;<strong>asfixia mec\u00e1nica<\/strong>.<\/p>\n\n\n\n<h3 class=\"wp-block-heading\">Caso Relacionado en el sismo sector<\/h3>\n\n\n\n<p>Este tr\u00e1gico suceso ocurre pocos d\u00edas despu\u00e9s de que una pareja fuera acusada de asesinar a una ni\u00f1a de siete a\u00f1os, tambi\u00e9n en el sector de<strong>&nbsp;Los Guandules<\/strong>.<\/p>\n\n\n\n<p>El Juzgado de Atenci\u00f3n Permanente del Distrito Nacional impuso tres meses de<strong>\u00a0prisi\u00f3n preventiva a Yokeiry Coronado de la Cruz<\/strong>, t\u00eda de la menor, y a su pareja, Jeider Montero Medina, para ser cumplidos en la c\u00e1rcel de Najayo.<\/p>\n","protected":false},"excerpt":{"rendered":"<p>La instancia fue depositada en el Juzgado de Atenci\u00f3n Permanente del Distrito Nacional por fiscales<\/p>\n","protected":false},"author":1,"featured_media":18798,"comment_status":"open","ping_status":"open","sticky":false,"template":"","format":"standard","meta":{"footnotes":""},"categories":[12],"tags":[],"class_list":["post-18797","post","type-post","status-publish","format-standard","has-post-thumbnail","hentry","category-nacionales"],"_links":{"self":[{"href":"https:\/\/samantharadionline.com\/index.php\/wp-json\/wp\/v2\/posts\/18797","targetHints":{"allow":["GET"]}}],"collection":[{"href":"https:\/\/samantharadionline.com\/index.php\/wp-json\/wp\/v2\/posts"}],"about":[{"href":"https:\/\/samantharadionline.com\/index.php\/wp-json\/wp\/v2\/types\/post"}],"author":[{"embeddable":true,"href":"https:\/\/samantharadionline.com\/index.php\/wp-json\/wp\/v2\/users\/1"}],"replies":[{"embeddable":true,"href":"https:\/\/samantharadionline.com\/index.php\/wp-json\/wp\/v2\/comments?post=18797"}],"version-history":[{"count":1,"href":"https:\/\/samantharadionline.com\/index.php\/wp-json\/wp\/v2\/posts\/18797\/revisions"}],"predecessor-version":[{"id":18799,"href":"https:\/\/samantharadionline.com\/index.php\/wp-json\/wp\/v2\/posts\/18797\/revisions\/18799"}],"wp:featuredmedia":[{"embeddable":true,"href":"https:\/\/samantharadionline.com\/index.php\/wp-json\/wp\/v2\/media\/18798"}],"wp:attachment":[{"href":"https:\/\/samantharadionline.com\/index.php\/wp-json\/wp\/v2\/media?parent=18797"}],"wp:term":[{"taxonomy":"category","embeddable":true,"href":"https:\/\/samantharadionline.com\/index.php\/wp-json\/wp\/v2\/categories?post=18797"},{"taxonomy":"post_tag","embeddable":true,"href":"https:\/\/samantharadionline.com\/index.php\/wp-json\/wp\/v2\/tags?post=18797"}],"curies":[{"name":"wp","href":"https:\/\/api.w.org\/{rel}","templated":true}]}}