{"id":18791,"date":"2025-08-25T19:41:35","date_gmt":"2025-08-25T23:41:35","guid":{"rendered":"https:\/\/samantharadionline.com\/?p=18791"},"modified":"2025-08-25T19:41:36","modified_gmt":"2025-08-25T23:41:36","slug":"luis-le-dice-a-danilo-voy-a-seguir-hablando-mucho","status":"publish","type":"post","link":"https:\/\/samantharadionline.com\/index.php\/2025\/08\/25\/luis-le-dice-a-danilo-voy-a-seguir-hablando-mucho\/","title":{"rendered":"Lu\u00eds le dice a Danilo: \u201cVoy a seguir hablando mucho\u201d"},"content":{"rendered":"\n<p class=\"has-medium-font-size\"><em>\u00a0Medina se\u00f1al\u00f3 que Abinader suele responder con evasivas o sin tener una respuesta preparada cada vez que es cuestionado por alg\u00fan problema nacional<\/em><\/p>\n\n\n\n<figure class=\"wp-block-image\"><img decoding=\"async\" src=\"https:\/\/listindiario.com\/files\/image_60_60\/uploads\/2023\/05\/16\/64638cfd2419c.jpeg\" alt=\"Avatar del Javier Flores\"\/><\/figure>\n\n\n\n<p><em>\u00a0<\/em>Javier Flores, <strong>Santo Domingo, RD<\/strong><\/p>\n\n\n\n<p>El presidente&nbsp;<strong>Luis Abinader<\/strong>&nbsp;manifest\u00f3 que a la ciudadan\u00eda hay que \u201c<strong>rendirle cuentas<\/strong>\u201d y que por eso va a seguir hablando mucho.<\/p>\n\n\n\n<p>Las declaraciones del presidente fueron en respuesta a la cr\u00edtica realizada por el expresidente&nbsp;<strong>Danilo Medina<\/strong>, quien cuestion\u00f3 la forma en que el mandatario Luis Abinader maneja la comunicaci\u00f3n con la ciudadan\u00eda y advirti\u00f3 que su estilo de dar declaraciones diarias le est\u00e1 pasando factura.<\/p>\n\n\n\n<p>\u201cVoy a seguir hablando mucho porque yo creo que hay que rendirle cuentas al pueblo y no tengo ning\u00fan temor en que me hagan ninguna pregunta porque aqu\u00ed (el Gobierno) es una caja de cristal; por eso tenemos mucho m\u00e1s transparencia en todo y por lo tanto dar una informaci\u00f3n, incluso cuando quieren requerirlas e incluso cr\u00edticas, yo pienso que es una obligaci\u00f3n democr\u00e1tica y \u00e9tica del presidente de la Rep\u00fablica, responder; por lo tanto s\u00ed hablo mucho y voy a seguir hablando mucho y esa transparencia es porque no tengo nada que esconder\u201d, manifest\u00f3 Abinader al ser consultado durante&nbsp;<strong>La Semanal<\/strong>.<\/p>\n\n\n\n<p>Ese espacio se ha convertido en el escenario del mandatario para defenderse de las cr\u00edticas realizadas por sus opositores hacia su gesti\u00f3n de Gobierno; las \u00faltimas semanas, de manera constante, Abinader ha respondido a declaraciones realizadas por sus opositores.<\/p>\n\n\n\n<p>\u201cMe han dicho, mira ya no respondas a tantas cosas de la oposici\u00f3n, pero como yo hablo mucho\u2026\u201d, exclam\u00f3 el mandatario.<\/p>\n\n\n\n<p><strong>Lea tambi\u00e9n<\/strong><\/p>\n\n\n\n<p>Abinader aprovech\u00f3 la oportunidad para manifestar que los \u201cintercambios de ideas\u201d entre la oposici\u00f3n y el Gobierno no fue iniciada por \u00e9l.<\/p>\n\n\n\n<p>\u201cNo fui yo, fue la oposici\u00f3n que empez\u00f3 a hablar de las obras; ellos no pod\u00edan competir con los indicadores sociales y econ\u00f3micos de nosotros porque no nos ganan en uno solo de los indicadores; entonces, pasaron a las obras y yo les dije no les conviene tampoco aun cuando tenemos cinco a\u00f1os de Gobierno y ellos tienen 20\u201d, manifest\u00f3 el gobernante.<\/p>\n\n\n\n<p>El enfrentamiento pol\u00edtico en La Semanal tom\u00f3 otro escal\u00f3n porque en esta oportunidad el mandatario present\u00f3 en video unas declaraciones de Medina en el que se\u00f1ala que fue \u00e9l que construy\u00f3 la universidad rural en Bohech\u00edo.<\/p>\n\n\n\n<p>\u201cYo no quiero irrespetarlo pero la verdad es que estoy preocupado; se\u00f1ores, nosotros porque nosotros iniciamos y terminamos, ah\u00ed no hab\u00eda escuela; primero tiene que saber que no es una escuela, es una universidad; que es una universidad que ha formado a miles de agr\u00f3nomos, donde hay hoy m\u00e1s de 420 estudiantes que estudian y duermen ah\u00ed, donde nosotros dimos el primer picazo, que no le gustan a ellos y tambi\u00e9n la inauguramos con un costo de RD$524 millones y \u00e9l dijo que \u00e9l la hizo\u201d, manifest\u00f3 Abinader.<\/p>\n\n\n\n<p>Luego de all\u00ed el presidente continu\u00f3 enumerando una cierta cantidad de obras y v\u00edas que fueron culminadas por su gesti\u00f3n de Gobierno pero deja que los opositores se tomen el cr\u00e9dito.<\/p>\n\n\n\n<p>El pasado fin de semana, Medina se\u00f1al\u00f3 que Abinader suele responder con evasivas o sin tener una respuesta preparada cada vez que es cuestionado por alg\u00fan problema nacional.<\/p>\n\n\n\n<p><strong>Lea tambi\u00e9n<\/strong><\/p>\n\n\n\n<p>El tambi\u00e9n presidente del&nbsp;<strong>Partido de la Liberaci\u00f3n Dominicana&nbsp;<\/strong>(<strong>PLD<\/strong>) sostuvo que la poblaci\u00f3n atraviesa un clima de descontento y p\u00e9rdida de esperanza, debido a lo que describi\u00f3 como falta de rumbo la gesti\u00f3n actual.&nbsp;&nbsp;<\/p>\n","protected":false},"excerpt":{"rendered":"<p>\u00a0Medina se\u00f1al\u00f3 que Abinader suele responder con evasivas o sin tener una respuesta preparada cada<\/p>\n","protected":false},"author":1,"featured_media":18792,"comment_status":"open","ping_status":"open","sticky":false,"template":"","format":"standard","meta":{"footnotes":""},"categories":[12],"tags":[],"class_list":["post-18791","post","type-post","status-publish","format-standard","has-post-thumbnail","hentry","category-nacionales"],"_links":{"self":[{"href":"https:\/\/samantharadionline.com\/index.php\/wp-json\/wp\/v2\/posts\/18791","targetHints":{"allow":["GET"]}}],"collection":[{"href":"https:\/\/samantharadionline.com\/index.php\/wp-json\/wp\/v2\/posts"}],"about":[{"href":"https:\/\/samantharadionline.com\/index.php\/wp-json\/wp\/v2\/types\/post"}],"author":[{"embeddable":true,"href":"https:\/\/samantharadionline.com\/index.php\/wp-json\/wp\/v2\/users\/1"}],"replies":[{"embeddable":true,"href":"https:\/\/samantharadionline.com\/index.php\/wp-json\/wp\/v2\/comments?post=18791"}],"version-history":[{"count":1,"href":"https:\/\/samantharadionline.com\/index.php\/wp-json\/wp\/v2\/posts\/18791\/revisions"}],"predecessor-version":[{"id":18793,"href":"https:\/\/samantharadionline.com\/index.php\/wp-json\/wp\/v2\/posts\/18791\/revisions\/18793"}],"wp:featuredmedia":[{"embeddable":true,"href":"https:\/\/samantharadionline.com\/index.php\/wp-json\/wp\/v2\/media\/18792"}],"wp:attachment":[{"href":"https:\/\/samantharadionline.com\/index.php\/wp-json\/wp\/v2\/media?parent=18791"}],"wp:term":[{"taxonomy":"category","embeddable":true,"href":"https:\/\/samantharadionline.com\/index.php\/wp-json\/wp\/v2\/categories?post=18791"},{"taxonomy":"post_tag","embeddable":true,"href":"https:\/\/samantharadionline.com\/index.php\/wp-json\/wp\/v2\/tags?post=18791"}],"curies":[{"name":"wp","href":"https:\/\/api.w.org\/{rel}","templated":true}]}}