{"id":18785,"date":"2025-08-25T08:33:25","date_gmt":"2025-08-25T12:33:25","guid":{"rendered":"https:\/\/samantharadionline.com\/?p=18785"},"modified":"2025-08-25T08:33:26","modified_gmt":"2025-08-25T12:33:26","slug":"gobierno-entrega-mas-de-mil-aulas-para-el-nuevo-ano-escolar","status":"publish","type":"post","link":"https:\/\/samantharadionline.com\/index.php\/2025\/08\/25\/gobierno-entrega-mas-de-mil-aulas-para-el-nuevo-ano-escolar\/","title":{"rendered":"Gobierno entrega m\u00e1s de mil aulas para el nuevo a\u00f1o escolar"},"content":{"rendered":"\n<p class=\"has-medium-font-size\"><em>Con una inversi\u00f3n superior a los RD$3,376 millones beneficiar\u00e1n a m\u00e1s de 42,000 estudiantes<\/em><\/p>\n\n\n\n<p>L.D., <strong>Santo Domingo, RD.<\/strong><\/p>\n\n\n\n<p>El Gobierno, a trav\u00e9s de la Direcci\u00f3n de Infraestructura Escolar (DIE) del&nbsp;<strong>Ministerio de Educaci\u00f3n<\/strong>&nbsp;de la Rep\u00fablica Dominicana, inform\u00f3 que entreg\u00f3&nbsp;<strong>1,150 nuevas aulas<\/strong>&nbsp;entre los meses de abril y agosto de este a\u00f1o.<\/p>\n\n\n\n<p>Indicaron que la iniciativa forma parte del plan \u201c<strong>Aulas 24\/7<\/strong>\u201d, que busca incorporar m\u00e1s espacios f\u00edsicos en condiciones funcionales para el<strong>&nbsp;a\u00f1o escolar 2025-2026.<\/strong><\/p>\n\n\n\n<p>Sobre los nuevos centros escolares, especificaron que fueron construidos en el Distrito Nacional, las provincias Santo Domingo, Santiago, San Crist\u00f3bal, San Pedro de Macor\u00eds, Barahona, Duarte, Hermanas Mirabal, La Altagracia, Puerto Plata, Saman\u00e1, Montecristi, Santiago Rodr\u00edguez, La Vega, Espaillat, Azua, La Romana, Dajab\u00f3n, El Seibo, entre otras.<\/p>\n\n\n\n<p>Roberto Herrera, director de Infraestructura Escolar, subray\u00f3 que el prop\u00f3sito fundamental de la presente gesti\u00f3n que encabeza el presidente&nbsp;<strong>Luis Abinader<\/strong>&nbsp;es reducir el d<strong>\u00e9ficit de aulas<\/strong>&nbsp;en toda la geograf\u00eda nacional, propiciando escuelas suficientes, seguras y adecuadas para el aprendizaje y la ense\u00f1anza.<\/p>\n\n\n\n<p>Por tal motivo, en abril de este a\u00f1o se puso en marcha el Plan&nbsp;<strong>\u201cAulas 24\/7 y Mantenimiento 24\/7\u201d,<\/strong>&nbsp;que consiste en trabajar d\u00eda, noche y fines de semana en labores de construcci\u00f3n y remozamiento de los planteles en todo el pa\u00eds.<\/p>\n\n\n\n<p>El funcionario asegur\u00f3 que ya han superado la meta de 1,100 aulas en apenas cinco meses.&nbsp;<\/p>\n\n\n\n<p>Las nuevas aulas construidas fue con una inversi\u00f3n superior a los RD$3,376 millones, las cuales se plantean a beneficiar a m\u00e1s de 42,000 estudiantes.<\/p>\n\n\n\n<p>Estas fueron entregadas por Abinader y la vicepresidenta Raquel Pe\u00f1a, acompa\u00f1ados por el ministro de Educaci\u00f3n, Luis Miguel De Camps, y el director de Infraestructura Escolar, en diversos actos realizados en las citadas demarcaciones de la Rep\u00fablica Dominicana.<\/p>\n\n\n\n<p>Por otro lado, informaron que tambi\u00e9n, a trav\u00e9s del Departamento de Mantenimiento de Infraestructura Escolar, se realizaron labores de mantenimientos correctivos, reforzamientos estructurales y f\u00edsicos en m\u00e1s de 600 planteles en las 18 regionales del Minerd.<\/p>\n\n\n\n<p>Para este a\u00f1o Escolar 2025-2026, est\u00e1n convocados m\u00e1s de 2.7 millones de estudiantes en todo el pa\u00eds, por lo que el Gobierno realiza mayores esfuerzos para un inicio de clases de manera exitosa, y seguir construyendo una educaci\u00f3n de calidad, equitativa e inclusiva bajo el lema \u201cEl Reto de Todos\u201d.<\/p>\n","protected":false},"excerpt":{"rendered":"<p>Con una inversi\u00f3n superior a los RD$3,376 millones beneficiar\u00e1n a m\u00e1s de 42,000 estudiantes L.D.,<\/p>\n","protected":false},"author":1,"featured_media":18786,"comment_status":"open","ping_status":"open","sticky":false,"template":"","format":"standard","meta":{"footnotes":""},"categories":[12],"tags":[],"class_list":["post-18785","post","type-post","status-publish","format-standard","has-post-thumbnail","hentry","category-nacionales"],"_links":{"self":[{"href":"https:\/\/samantharadionline.com\/index.php\/wp-json\/wp\/v2\/posts\/18785","targetHints":{"allow":["GET"]}}],"collection":[{"href":"https:\/\/samantharadionline.com\/index.php\/wp-json\/wp\/v2\/posts"}],"about":[{"href":"https:\/\/samantharadionline.com\/index.php\/wp-json\/wp\/v2\/types\/post"}],"author":[{"embeddable":true,"href":"https:\/\/samantharadionline.com\/index.php\/wp-json\/wp\/v2\/users\/1"}],"replies":[{"embeddable":true,"href":"https:\/\/samantharadionline.com\/index.php\/wp-json\/wp\/v2\/comments?post=18785"}],"version-history":[{"count":1,"href":"https:\/\/samantharadionline.com\/index.php\/wp-json\/wp\/v2\/posts\/18785\/revisions"}],"predecessor-version":[{"id":18787,"href":"https:\/\/samantharadionline.com\/index.php\/wp-json\/wp\/v2\/posts\/18785\/revisions\/18787"}],"wp:featuredmedia":[{"embeddable":true,"href":"https:\/\/samantharadionline.com\/index.php\/wp-json\/wp\/v2\/media\/18786"}],"wp:attachment":[{"href":"https:\/\/samantharadionline.com\/index.php\/wp-json\/wp\/v2\/media?parent=18785"}],"wp:term":[{"taxonomy":"category","embeddable":true,"href":"https:\/\/samantharadionline.com\/index.php\/wp-json\/wp\/v2\/categories?post=18785"},{"taxonomy":"post_tag","embeddable":true,"href":"https:\/\/samantharadionline.com\/index.php\/wp-json\/wp\/v2\/tags?post=18785"}],"curies":[{"name":"wp","href":"https:\/\/api.w.org\/{rel}","templated":true}]}}