{"id":18775,"date":"2025-08-25T08:23:28","date_gmt":"2025-08-25T12:23:28","guid":{"rendered":"https:\/\/samantharadionline.com\/?p=18775"},"modified":"2025-08-25T08:23:29","modified_gmt":"2025-08-25T12:23:29","slug":"angelita-curiel-la-mulatona-en-su-ultimo-adios","status":"publish","type":"post","link":"https:\/\/samantharadionline.com\/index.php\/2025\/08\/25\/angelita-curiel-la-mulatona-en-su-ultimo-adios\/","title":{"rendered":"Angelita Curiel \u201cLa Mulatona\u201d en su ultimo adi\u00f3s"},"content":{"rendered":"\n<p class=\"has-medium-font-size\"><em>\u00abNo hay par\u00e1metros para recordarla: Angelita es un ser de luz\u201d, dijo su hermano \u00c1ngel Curiel.<\/em><\/p>\n\n\n\n<figure class=\"wp-block-image\"><img decoding=\"async\" src=\"https:\/\/listindiario.com\/files\/image_60_60\/uploads\/2025\/01\/21\/678fb9bbee568.png\" alt=\"Avatar del Yeil\u00edn Pe\u00f1a\"\/><\/figure>\n\n\n\n<p><em>\u00a0<\/em>Yeil\u00edn Pe\u00f1a, <strong>Santo Domingo, RD<\/strong><\/p>\n\n\n\n<p>En una ceremonia privada, la familia de&nbsp;<strong>Angelita Curiel<\/strong>, mejor conocida como \u201c<strong>La Mulatona<\/strong>\u201d, le dio el \u00faltimo adi\u00f3s a la vedette dominicana la tarde de este domingo en el cementerio Cristo Redentor.<\/p>\n\n\n\n<p>Los servicios funerarios se llevaron a cabo desde el mediod\u00eda en la Funeraria<strong>&nbsp;Inavi<\/strong>&nbsp;(Savica), en la calle Pasteur, Gascue, donde amigos cercanos y familiares se reunieron para despedir a quien en los a\u00f1os 80 ilumin\u00f3 los escenarios con un carisma inigualable.<\/p>\n\n\n\n<figure class=\"wp-block-embed is-type-video is-provider-youtube wp-block-embed-youtube wp-embed-aspect-4-3 wp-has-aspect-ratio\"><div class=\"wp-block-embed__wrapper\">\n<iframe loading=\"lazy\" title=\"ANGELITA CURIEL (La Mulatona) - El Quejaito (80&#039;s)\" width=\"640\" height=\"480\" src=\"https:\/\/www.youtube.com\/embed\/zusY90NwTz4?feature=oembed\" frameborder=\"0\" allow=\"accelerometer; autoplay; clipboard-write; encrypted-media; gyroscope; picture-in-picture; web-share\" referrerpolicy=\"strict-origin-when-cross-origin\" allowfullscreen><\/iframe>\n<\/div><\/figure>\n\n\n\n<p>Aunque su hijo, Steven Curiel, pidi\u00f3 a la prensa mantenerse al margen del acto f\u00fanebre, este deseo no vino de sus familiares inicialmente, sino de la propia Angelita antes de fallecer, seg\u00fan su hermano \u00c1ngel Curiel.<\/p>\n\n\n\n<p>Con esfuerzo para contener las l\u00e1grimas, \u00c1ngel record\u00f3 la otra faceta de la&nbsp;<strong>vedette<\/strong>, como una hermana, hija y madre.<\/p>\n\n\n\n<p>\u201cM\u00e1s all\u00e1 del escenario, Angelita fue una hija ejemplar, una madre extraordinaria y la mejor hermana que cualquiera hubiera podido desear. No hay par\u00e1metros para recordarla:&nbsp;<strong>Angelita es un ser de luz<\/strong>\u201d, dijo.<\/p>\n\n\n\n<p>\u00c1ngel, con la voz entrecortada, revel\u00f3 lo que termin\u00f3 arrebat\u00e1ndole la vida a su hermana.<\/p>\n\n\n\n<p>Cont\u00f3 que Angelita sufri\u00f3 un mareo repentino que desencaden\u00f3 un accidente cerebrovascular (<strong>ACV<\/strong>). Esto provoc\u00f3 que cayera por los escalones de su casa y oblig\u00f3 a trasladarla de inmediato al hospital.<\/p>\n\n\n\n<p>Desde ese momento comenzaron las complicaciones. Los m\u00e9dicos diagnosticaron una fractura en la cadera izquierda, adem\u00e1s de un sangrado interno que agravaba a\u00fan m\u00e1s la situaci\u00f3n.<\/p>\n\n\n\n<p>\u00c1ngel dijo que los m\u00e9dicos les comunicaron que necesitaban pintas de sangre.<\/p>\n\n\n\n<p>\u201cAnte esta informaci\u00f3n y a la bendita intercepci\u00f3n de la primera dama de la Rep\u00fablica, mi hermana fue intervenida r\u00e1pidamente\u201d, y pudieron llevarla a la Plaza de la Salud donde se le se le realiz\u00f3 una transfusi\u00f3n de sangre.<\/p>\n\n\n\n<p>Pero el da\u00f1o ya era severo. El ACV&nbsp;afect\u00f3 sus ri\u00f1ones, el h\u00edgado y las v\u00edas urinarias. Su cuerpo comenz\u00f3 a colapsar poco a poco, complic\u00e1ndose tambi\u00e9n los pulmones.<\/p>\n\n\n\n<p>\u00c1ngel reconoci\u00f3 la entrega del personal m\u00e9dico: \u201cHicieron todo lo posible, un trabajo encomiable, pero parece que cuando te toca, te toca\u201d.<\/p>\n\n\n\n<p>\u201c<strong>La Mulatona<\/strong>\u201d, apodo nacido en el programa<strong>&nbsp;El Show del Mediod\u00eda<\/strong>&nbsp;durante un segmento de humor de Freddy Beras Goico, creci\u00f3 con su energ\u00eda y sus sensuales vestuarios llenos de pedrer\u00eda.<\/p>\n\n\n\n<p>Aquella mujer que bailaba al comp\u00e1s de la canci\u00f3n de Piro Valerio, popularizada por Rafaelito Mart\u00ednez en los 60, se convirti\u00f3 en un \u00edcono televisivo de toda una \u00e9poca.<\/p>\n","protected":false},"excerpt":{"rendered":"<p>\u00abNo hay par\u00e1metros para recordarla: Angelita es un ser de luz\u201d, dijo su hermano \u00c1ngel<\/p>\n","protected":false},"author":1,"featured_media":18776,"comment_status":"open","ping_status":"open","sticky":false,"template":"","format":"standard","meta":{"footnotes":""},"categories":[11],"tags":[],"class_list":["post-18775","post","type-post","status-publish","format-standard","has-post-thumbnail","hentry","category-entretenimiento"],"_links":{"self":[{"href":"https:\/\/samantharadionline.com\/index.php\/wp-json\/wp\/v2\/posts\/18775","targetHints":{"allow":["GET"]}}],"collection":[{"href":"https:\/\/samantharadionline.com\/index.php\/wp-json\/wp\/v2\/posts"}],"about":[{"href":"https:\/\/samantharadionline.com\/index.php\/wp-json\/wp\/v2\/types\/post"}],"author":[{"embeddable":true,"href":"https:\/\/samantharadionline.com\/index.php\/wp-json\/wp\/v2\/users\/1"}],"replies":[{"embeddable":true,"href":"https:\/\/samantharadionline.com\/index.php\/wp-json\/wp\/v2\/comments?post=18775"}],"version-history":[{"count":1,"href":"https:\/\/samantharadionline.com\/index.php\/wp-json\/wp\/v2\/posts\/18775\/revisions"}],"predecessor-version":[{"id":18777,"href":"https:\/\/samantharadionline.com\/index.php\/wp-json\/wp\/v2\/posts\/18775\/revisions\/18777"}],"wp:featuredmedia":[{"embeddable":true,"href":"https:\/\/samantharadionline.com\/index.php\/wp-json\/wp\/v2\/media\/18776"}],"wp:attachment":[{"href":"https:\/\/samantharadionline.com\/index.php\/wp-json\/wp\/v2\/media?parent=18775"}],"wp:term":[{"taxonomy":"category","embeddable":true,"href":"https:\/\/samantharadionline.com\/index.php\/wp-json\/wp\/v2\/categories?post=18775"},{"taxonomy":"post_tag","embeddable":true,"href":"https:\/\/samantharadionline.com\/index.php\/wp-json\/wp\/v2\/tags?post=18775"}],"curies":[{"name":"wp","href":"https:\/\/api.w.org\/{rel}","templated":true}]}}