{"id":18770,"date":"2025-08-25T08:18:21","date_gmt":"2025-08-25T12:18:21","guid":{"rendered":"https:\/\/samantharadionline.com\/?p=18770"},"modified":"2025-08-25T08:18:49","modified_gmt":"2025-08-25T12:18:49","slug":"adios-a-los-giros-a-la-izquierda-en-la-maximo-gomez-con-kennedy-desde-ayer","status":"publish","type":"post","link":"https:\/\/samantharadionline.com\/index.php\/2025\/08\/25\/adios-a-los-giros-a-la-izquierda-en-la-maximo-gomez-con-kennedy-desde-ayer\/","title":{"rendered":"Ya no se gira a la izquierda en la M\u00e1ximo G\u00f3mez con Kennedy"},"content":{"rendered":"\n<p class=\"has-medium-font-size\"><em>Durante la tarde de ayer, en el lugar se observaban m\u00e1s de una docena de agentes de la Direcci\u00f3n General de Seguridad de Tr\u00e1nsito y Transporte Terrestre (Digesett) para garantizar el orden en el tr\u00e1nsito, y que los conductores acaten la norma<\/em><\/p>\n\n\n\n<p>Audry Trinidad<strong>, Santo Domingo, RD<\/strong><\/p>\n\n\n\n<p>Desde el domingo entr\u00f3 en vigor la fase IV del programa de restricci\u00f3n de giros a la izquierda, iniciando con la optimizaci\u00f3n de la intersecci\u00f3n semaf\u00f3rica en la avenida John F. Kennedy con M\u00e1ximo G\u00f3mez.<\/p>\n\n\n\n<p>Como parte de la Estrategia Integral de Gesti\u00f3n del Tr\u00e1nsito \u201cRD Se Mueve\u201d, el ajuste implic\u00f3 la restricci\u00f3n de giros a la izquierda en la avenida John F. Kennedy hacia el sur por la M\u00e1ximo G\u00f3mez (este\u2013sur), y John F. Kennedy hacia el norte por la M\u00e1ximo G\u00f3mez (oeste\u2013norte).<\/p>\n\n\n\n<p>Durante la tarde de ayer, en el lugar se observaban m\u00e1s de una docena de agentes de la Direcci\u00f3n General de Seguridad de Tr\u00e1nsito y Transporte Terrestre (Digesett) para garantizar el orden en el tr\u00e1nsito, y que los conductores acaten la norma.<\/p>\n\n\n\n<p>Con frecuencia, los agentes deten\u00edan a los motociclistas que intentaban girar a la izquierda para explicarle que esta opci\u00f3n ya no era posible.&nbsp;<\/p>\n\n\n\n<p>A pesar de haber sido anunciada semanas antes, la medida generaba incomodidad en los conductores, quienes se ve\u00edan obligados a tomar otras rutas como alternativa.<\/p>\n\n\n\n<p>De acuerdo al Gabinete de Transporte, estas disposiciones est\u00e1n orientadas a optimizar la circulaci\u00f3n, reducir la congesti\u00f3n vehicular y mejorar la seguridad vial en los principales corredores del Distrito Nacional.<\/p>\n\n\n\n<p><strong>Rutas alternas<\/strong><\/p>\n\n\n\n<p>Las autoridades informaron que para el giro restringido en la John F. Kennedy hacia el sur por la M\u00e1ximo G\u00f3mez, los conductores podr\u00e1n tomar la avenida San Mart\u00edn y girar a la izquierda en la avenida M\u00e1ximo G\u00f3mez, o bien utilizar la calle Paseo de los Aviadores para incorporarse a la San Mart\u00edn y desde all\u00ed conectar con M\u00e1ximo G\u00f3mez hacia el sur.<\/p>\n\n\n\n<p>En cuanto a la restricci\u00f3n en la John F. Kennedy hacia el norte por la M\u00e1ximo G\u00f3mez, la ruta alterna consiste en continuar hacia el este, girar a la derecha en la calle Paseo de los Ferreteros, luego, en la calle Mayor Valverde y, finalmente, acceder a la avenida M\u00e1ximo G\u00f3mez en direcci\u00f3n norte.<\/p>\n\n\n\n<p>Adem\u00e1s, indicaron que las rutas estar\u00e1n disponibles en plataformas de tr\u00e1fico como Waze, y reiter\u00f3 que \u201cestas medidas se implementan de manera gradual y planificada, con el compromiso de mejorar la movilidad, garantizar la seguridad vial y facilitar la adaptaci\u00f3n de los ciudadanos\u201d.<\/p>\n\n\n\n<p><strong>Otras fases<\/strong><\/p>\n\n\n\n<p>Durante las tres primeras fases, han reorganizado el flujo vehicular en 13 intersecciones en avenidas estrat\u00e9gicas como Lope de Vega, Tiradentes, Abraham Lincoln, Winston Churchill y M\u00e1ximo G\u00f3mez, donde seg\u00fan apuntan las autoridades del tr\u00e1nsito, \u201cse han registrado mejoras de m\u00e1s de un 30 % en los tiempos de recorrido, evidenciando el impacto positivo de estas medidas\u201d.<\/p>\n\n\n\n<p>Desde su anuncio, las restricciones han causado malestar en sectores de la sociedad, como los l\u00edderes sindicalistas de transporte, quienes desaprobaron la efectividad del proyecto al considerar que lejos de ser una soluci\u00f3n, causa p\u00e9rdidas de tiempo y combustible.<\/p>\n","protected":false},"excerpt":{"rendered":"<p>Durante la tarde de ayer, en el lugar se observaban m\u00e1s de una docena de<\/p>\n","protected":false},"author":1,"featured_media":18771,"comment_status":"open","ping_status":"open","sticky":false,"template":"","format":"standard","meta":{"footnotes":""},"categories":[12],"tags":[],"class_list":["post-18770","post","type-post","status-publish","format-standard","has-post-thumbnail","hentry","category-nacionales"],"_links":{"self":[{"href":"https:\/\/samantharadionline.com\/index.php\/wp-json\/wp\/v2\/posts\/18770","targetHints":{"allow":["GET"]}}],"collection":[{"href":"https:\/\/samantharadionline.com\/index.php\/wp-json\/wp\/v2\/posts"}],"about":[{"href":"https:\/\/samantharadionline.com\/index.php\/wp-json\/wp\/v2\/types\/post"}],"author":[{"embeddable":true,"href":"https:\/\/samantharadionline.com\/index.php\/wp-json\/wp\/v2\/users\/1"}],"replies":[{"embeddable":true,"href":"https:\/\/samantharadionline.com\/index.php\/wp-json\/wp\/v2\/comments?post=18770"}],"version-history":[{"count":2,"href":"https:\/\/samantharadionline.com\/index.php\/wp-json\/wp\/v2\/posts\/18770\/revisions"}],"predecessor-version":[{"id":18774,"href":"https:\/\/samantharadionline.com\/index.php\/wp-json\/wp\/v2\/posts\/18770\/revisions\/18774"}],"wp:featuredmedia":[{"embeddable":true,"href":"https:\/\/samantharadionline.com\/index.php\/wp-json\/wp\/v2\/media\/18771"}],"wp:attachment":[{"href":"https:\/\/samantharadionline.com\/index.php\/wp-json\/wp\/v2\/media?parent=18770"}],"wp:term":[{"taxonomy":"category","embeddable":true,"href":"https:\/\/samantharadionline.com\/index.php\/wp-json\/wp\/v2\/categories?post=18770"},{"taxonomy":"post_tag","embeddable":true,"href":"https:\/\/samantharadionline.com\/index.php\/wp-json\/wp\/v2\/tags?post=18770"}],"curies":[{"name":"wp","href":"https:\/\/api.w.org\/{rel}","templated":true}]}}