{"id":18754,"date":"2025-08-24T11:38:01","date_gmt":"2025-08-24T15:38:01","guid":{"rendered":"https:\/\/samantharadionline.com\/?p=18754"},"modified":"2025-08-24T11:38:02","modified_gmt":"2025-08-24T15:38:02","slug":"delegacion-de-estados-unidos-visita-rd-para-fortalecer-cooperacion-en-seguridad-y-desarrollo","status":"publish","type":"post","link":"https:\/\/samantharadionline.com\/index.php\/2025\/08\/24\/delegacion-de-estados-unidos-visita-rd-para-fortalecer-cooperacion-en-seguridad-y-desarrollo\/","title":{"rendered":"Delegaci\u00f3n de Estados Unidos visita RD para fortalecer cooperaci\u00f3n en seguridad y desarrollo"},"content":{"rendered":"\n<p class=\"has-medium-font-size\"><em>La misi\u00f3n, que se extender\u00e1 hasta el martes 26 de agosto, contempla una agenda intensiva de reuniones bilaterales dise\u00f1ada para profundizar los v\u00ednculos de cooperaci\u00f3n en seguridad, defensa y desarrollo estrat\u00e9gico entre ambas naciones.<\/em><\/p>\n\n\n\n<p><br>Redacci\u00f3n List\u00edn Diario, L.D., <strong>Santo Domingo<\/strong><\/p>\n\n\n\n<p>Una delegaci\u00f3n del<strong>&nbsp;Departamento de Defensa de<\/strong>&nbsp;<strong>los Estados Unidos&nbsp;<\/strong>y del Consejo de Seguridad Nacional de la<strong>&nbsp;Casa Blanca&nbsp;<\/strong>(NSC por sus siglas en ingl\u00e9s) inicia este s\u00e1bado 23 una visita oficial de cuatro d\u00edas a la Rep\u00fablica Dominicana, encabezada por&nbsp;<strong>Michael Jensen<\/strong>, director senior para el hemisferio occidental del NSC y&nbsp;<strong>Joseph M. Humire<\/strong>, subsecretario adjunto de defensa para asuntos del hemisferio occidental.<\/p>\n\n\n\n<p>La misi\u00f3n, que se extender\u00e1 hasta el martes 26 de agosto, contempla una agenda intensiva de&nbsp;<strong>reuniones bilaterales&nbsp;<\/strong>dise\u00f1ada para profundizar los v\u00ednculos de cooperaci\u00f3n en seguridad, defensa y desarrollo estrat\u00e9gico entre ambas naciones.<\/p>\n\n\n\n<p>A trav\u00e9s de un comunicado, se inform\u00f3 que los funcionarios estadounidenses sostuvieron el s\u00e1bado una reuni\u00f3n de trabajo con el presidente Luis Abinader, en la que participaron la embajadora de la Rep. Dom. en los Estados Unidos,&nbsp;<strong>Mar\u00eda Isabel Castillo<\/strong>, y el viceministro de Pol\u00edtica Exterior Bilateral del Ministerio de Relaciones Exteriores,&nbsp;<strong>Francisco Caraballo<\/strong>.<\/p>\n\n\n\n<p>Asimismo, mantuvieron encuentros con autoridades clave del gabinete dominicano, incluyendo al canciller&nbsp;<strong>Roberto \u00c1lvarez<\/strong>, el ministro de Industria y Comercio V\u00edctor \u00abIto\u00bb Bison\u00f3 y el ministro de Energ\u00eda y Minas,&nbsp;<strong>Joel Santos.<\/strong><\/p>\n\n\n\n<p>La agenda continuar\u00e1 el domingo con una reuni\u00f3n oficial con el ministro de Defensa, teniente general Carlos Fern\u00e1ndez Onofre, ampliando los di\u00e1logos sobre ejes estrat\u00e9gicos que abarcan desde la seguridad hemisf\u00e9rica hasta la cooperaci\u00f3n comercial y el desarrollo energ\u00e9tico.<\/p>\n\n\n\n<p>Ademas, la delegaci\u00f3n participar\u00e1 en un acto de cooperaci\u00f3n en el Club Naval de la Armada Dominicana, reafirmando el compromiso conjunto de fortalecer las capacidades de&nbsp;<strong>seguridad mar\u00edtima<\/strong>&nbsp;y respuesta ante emergencias en el Caribe.<\/p>\n\n\n\n<p>Los Estados Unidos han mantenido un respaldo consistente a Rep\u00fablica Dominicana mediante la provisi\u00f3n de equipamiento especializado, programas de entrenamiento avanzado y fortalecimiento institucional de las Fuerzas Armadas dominicanas.<\/p>\n\n\n\n<p>\u201cEsta visita de los altos funcionarios estadounidenses constituye una muestra concreta de ese compromiso y un paso m\u00e1s en los esfuerzos conjuntos por garantizar la seguridad, la&nbsp;<strong>estabilidad&nbsp;<\/strong>y el&nbsp;<strong>desarrollo sostenible<\/strong>&nbsp;en la regi\u00f3n\u201d, afirma el comunicado.<\/p>\n\n\n\n<p>La cooperaci\u00f3n en materia de seguridad entre Rep\u00fablica Dominicana y los Estados Unidos constituye un eje fundamental de la relaci\u00f3n bilateral, adquiriendo particular relevancia en el contexto de los preparativos para la&nbsp;<strong>Cumbre de las Am\u00e9ricas<\/strong>, que Rep\u00fablica Dominicana acoger\u00e1 en Punta Cana en diciembre pr\u00f3ximo.<\/p>\n","protected":false},"excerpt":{"rendered":"<p>La misi\u00f3n, que se extender\u00e1 hasta el martes 26 de agosto, contempla una agenda intensiva<\/p>\n","protected":false},"author":1,"featured_media":18755,"comment_status":"open","ping_status":"open","sticky":false,"template":"","format":"standard","meta":{"footnotes":""},"categories":[12],"tags":[],"class_list":["post-18754","post","type-post","status-publish","format-standard","has-post-thumbnail","hentry","category-nacionales"],"_links":{"self":[{"href":"https:\/\/samantharadionline.com\/index.php\/wp-json\/wp\/v2\/posts\/18754","targetHints":{"allow":["GET"]}}],"collection":[{"href":"https:\/\/samantharadionline.com\/index.php\/wp-json\/wp\/v2\/posts"}],"about":[{"href":"https:\/\/samantharadionline.com\/index.php\/wp-json\/wp\/v2\/types\/post"}],"author":[{"embeddable":true,"href":"https:\/\/samantharadionline.com\/index.php\/wp-json\/wp\/v2\/users\/1"}],"replies":[{"embeddable":true,"href":"https:\/\/samantharadionline.com\/index.php\/wp-json\/wp\/v2\/comments?post=18754"}],"version-history":[{"count":1,"href":"https:\/\/samantharadionline.com\/index.php\/wp-json\/wp\/v2\/posts\/18754\/revisions"}],"predecessor-version":[{"id":18756,"href":"https:\/\/samantharadionline.com\/index.php\/wp-json\/wp\/v2\/posts\/18754\/revisions\/18756"}],"wp:featuredmedia":[{"embeddable":true,"href":"https:\/\/samantharadionline.com\/index.php\/wp-json\/wp\/v2\/media\/18755"}],"wp:attachment":[{"href":"https:\/\/samantharadionline.com\/index.php\/wp-json\/wp\/v2\/media?parent=18754"}],"wp:term":[{"taxonomy":"category","embeddable":true,"href":"https:\/\/samantharadionline.com\/index.php\/wp-json\/wp\/v2\/categories?post=18754"},{"taxonomy":"post_tag","embeddable":true,"href":"https:\/\/samantharadionline.com\/index.php\/wp-json\/wp\/v2\/tags?post=18754"}],"curies":[{"name":"wp","href":"https:\/\/api.w.org\/{rel}","templated":true}]}}