{"id":18738,"date":"2025-08-23T22:49:15","date_gmt":"2025-08-24T02:49:15","guid":{"rendered":"https:\/\/samantharadionline.com\/?p=18738"},"modified":"2025-08-23T22:49:16","modified_gmt":"2025-08-24T02:49:16","slug":"sin-electricidad-en-barahona-por-incendio-en-redes-electricas","status":"publish","type":"post","link":"https:\/\/samantharadionline.com\/index.php\/2025\/08\/23\/sin-electricidad-en-barahona-por-incendio-en-redes-electricas\/","title":{"rendered":"Sin electricidad en Barahona por incendio en redes el\u00e9ctricas"},"content":{"rendered":"\n<p class=\"has-medium-font-size\"><em>Edesur precis\u00f3 que la zona donde resultaron quemados los postes y cables es de dif\u00edcil acceso para veh\u00edculos, por lo cual se debe caminar a pie entre monta\u00f1as para llegar a la parte da\u00f1ada por el fuego<\/em><\/p>\n\n\n\n<p><strong>\u00a0Santo\u00a0Domingo, R.D.<\/strong><\/p>\n\n\n\n<p>La Empresa Distribuidora de Electricidad del Sur (<strong>Edesur<\/strong>), inform\u00f3 que desaprensivos provocaron un&nbsp;<strong>incendio&nbsp;<\/strong>que afect\u00f3 una estructura de redes el\u00e9ctricas tipo H y el eje del circuito&nbsp;<strong>BARA 105<\/strong>&nbsp;de la provincia de&nbsp;<strong>Barahona<\/strong>, dejando sin servicio a m\u00e1s de 20 comunidades de la zona.<\/p>\n\n\n\n<p>En un comunicado, la entidad indic\u00f3 que el siniestro arras\u00f3 con postes del&nbsp;<strong>tendido el\u00e9ctrico<\/strong>&nbsp;y cables, frente a lo cual la empresa distribuidora de&nbsp;<strong>electricidad<\/strong>&nbsp;desarrolla un amplio operativo para poder acceder a la escabrosa monta\u00f1a con el prop\u00f3sito de reparar el notable da\u00f1o causado y restablecer el servicio.<\/p>\n\n\n\n<p>Los sectores afectados son La 40, San Juan Bautista, Barrio Nuevo, Fudeco, Juan Esteban, El Payaso, Santa Elena, El Arroyo, Bahoruco, Ci\u00e9naga, Los Guayuyales, Villanueva, Barahona, Barrio Casandra, Baitoita, Loma Las Felipina, El Quemaito, Santa Elena, entre otros.<\/p>\n\n\n\n<p>Edesur precis\u00f3 que la zona donde resultaron quemados los postes y cables es de dif\u00edcil acceso para veh\u00edculos, por lo cual se debe caminar a pie entre monta\u00f1as para llegar a la parte da\u00f1ada por el fuego.<\/p>\n\n\n\n<p>Califica como un grave atentado en contra del sector el\u00e9ctrico la provocaci\u00f3n del incendio que deja sin electricidad a una importante zona de Barahona.<\/p>\n","protected":false},"excerpt":{"rendered":"<p>Edesur precis\u00f3 que la zona donde resultaron quemados los postes y cables es de dif\u00edcil<\/p>\n","protected":false},"author":1,"featured_media":18739,"comment_status":"open","ping_status":"open","sticky":false,"template":"","format":"standard","meta":{"footnotes":""},"categories":[12],"tags":[],"class_list":["post-18738","post","type-post","status-publish","format-standard","has-post-thumbnail","hentry","category-nacionales"],"_links":{"self":[{"href":"https:\/\/samantharadionline.com\/index.php\/wp-json\/wp\/v2\/posts\/18738","targetHints":{"allow":["GET"]}}],"collection":[{"href":"https:\/\/samantharadionline.com\/index.php\/wp-json\/wp\/v2\/posts"}],"about":[{"href":"https:\/\/samantharadionline.com\/index.php\/wp-json\/wp\/v2\/types\/post"}],"author":[{"embeddable":true,"href":"https:\/\/samantharadionline.com\/index.php\/wp-json\/wp\/v2\/users\/1"}],"replies":[{"embeddable":true,"href":"https:\/\/samantharadionline.com\/index.php\/wp-json\/wp\/v2\/comments?post=18738"}],"version-history":[{"count":1,"href":"https:\/\/samantharadionline.com\/index.php\/wp-json\/wp\/v2\/posts\/18738\/revisions"}],"predecessor-version":[{"id":18740,"href":"https:\/\/samantharadionline.com\/index.php\/wp-json\/wp\/v2\/posts\/18738\/revisions\/18740"}],"wp:featuredmedia":[{"embeddable":true,"href":"https:\/\/samantharadionline.com\/index.php\/wp-json\/wp\/v2\/media\/18739"}],"wp:attachment":[{"href":"https:\/\/samantharadionline.com\/index.php\/wp-json\/wp\/v2\/media?parent=18738"}],"wp:term":[{"taxonomy":"category","embeddable":true,"href":"https:\/\/samantharadionline.com\/index.php\/wp-json\/wp\/v2\/categories?post=18738"},{"taxonomy":"post_tag","embeddable":true,"href":"https:\/\/samantharadionline.com\/index.php\/wp-json\/wp\/v2\/tags?post=18738"}],"curies":[{"name":"wp","href":"https:\/\/api.w.org\/{rel}","templated":true}]}}