{"id":18682,"date":"2025-08-22T20:08:34","date_gmt":"2025-08-23T00:08:34","guid":{"rendered":"https:\/\/samantharadionline.com\/?p=18682"},"modified":"2025-08-22T20:08:35","modified_gmt":"2025-08-23T00:08:35","slug":"suspenden-empleados-por-investigacion-de-manejo-de-fondos","status":"publish","type":"post","link":"https:\/\/samantharadionline.com\/index.php\/2025\/08\/22\/suspenden-empleados-por-investigacion-de-manejo-de-fondos\/","title":{"rendered":"Suspenden empleados por investigaci\u00f3n de manejo de fondos"},"content":{"rendered":"\n<p class=\"has-medium-font-size\"><em>Asimismo, afirm\u00f3 que una vez concluida la investigaci\u00f3n ser\u00e1n los primeros en informar debidamente a la opini\u00f3n p\u00fablica, y si lo amerita, actuar como manda la ley en estos casos<\/em><\/p>\n\n\n\n<p><strong>Santo Domingo, RD<\/strong><\/p>\n\n\n\n<p>El&nbsp;<strong>Ministerio de Agricultura<\/strong>&nbsp;inform\u00f3 este viernes que suspendi\u00f3 a empleados por investigaci\u00f3n de manejo de fondos.<\/p>\n\n\n\n<p>En un comunicado, la entidad expres\u00f3 que desde hace dos semanas lleva una \u201cinvestigaci\u00f3n interna\u201d que involucra a miembros del departamento de seguridad y otro del \u00e1rea financiera, \u201cquienes est\u00e1n suspendidos al servicio que ofrecen al Ministerio de Agricultura hasta que se clarifique el uso de los recursos asignados al departamento de seguridad\u201d.<\/p>\n\n\n\n<p>Asimismo, afirm\u00f3 que una vez concluida la investigaci\u00f3n ser\u00e1n los primeros en informar debidamente a la opini\u00f3n p\u00fablica, y si lo amerita, actuar como manda la ley en estos casos.<\/p>\n\n\n\n<h3 class=\"wp-block-heading\">HECHO<\/h3>\n\n\n\n<p>La Procuradur\u00eda Especializada de Persecuci\u00f3n de la Corrupci\u00f3n Administrativa (<strong>PEPCA<\/strong>), arrest\u00f3 a varios empleados del Ministerio de Agricultura vinculados a&nbsp;<strong>desv\u00edos de fondos&nbsp;<\/strong>de esa entidad.<\/p>\n\n\n\n<p>La informaci\u00f3n confirmada a List\u00edn Diario se\u00f1ala que fueron detenidos&nbsp;<strong>Santiago Regalado<\/strong>, jefe de seguridad del Ministerio; el coronel&nbsp;<strong>Harel Katz<\/strong>, encargado del Departamento de Seguridad Militar.<\/p>\n\n\n\n<p>De acuerdo a la fuente, tambi\u00e9n se est\u00e1 investigando el jefe del Gabinete del ministro Limber Cruz,&nbsp;<strong>Freddy Fern\u00e1ndez<\/strong>, y empleados del \u00e1rea financiera.<\/p>\n\n\n\n<p>La Procuradur\u00eda Especializada de Persecuci\u00f3n de la&nbsp;<strong>Corrupci\u00f3n&nbsp;<\/strong>Administrativa (<strong>PEPCA<\/strong>), arrest\u00f3 a varios&nbsp; empleados del&nbsp;<strong>Ministerio de Agricultura<\/strong>&nbsp;vinculados a desv\u00edos de fondos de esa entidad.<\/p>\n\n\n\n<p>La informaci\u00f3n confirmada a List\u00edn Diario se\u00f1ala que fueron detenidos Santiago Regalado, jefe de seguridad del Ministerio; el coronel<strong>&nbsp;Harel Katz<\/strong>, encargado del Departamento de Seguridad Militar.<\/p>\n\n\n\n<p>De acuerdo a la fuente, tambi\u00e9n se est\u00e1 investigando el jefe del Gabinete del ministro&nbsp;<strong>Limber Cruz<\/strong>,&nbsp;<strong>Freddy Fern\u00e1ndez<\/strong>, y empleados del \u00e1rea financiera.<\/p>\n\n\n\n<p>El Ministerio de Agricultura envi\u00f3 una resoluci\u00f3n este jueves en la cual sustitu\u00eda a algunos militares que laboraban en esa entidad.<\/p>\n\n\n\n<p>El<strong>&nbsp;desv\u00edo de fondos&nbsp;<\/strong>se habr\u00eda realizado de los recursos destinados a varios programas de ese entidad.&nbsp;<\/p>\n","protected":false},"excerpt":{"rendered":"<p>Asimismo, afirm\u00f3 que una vez concluida la investigaci\u00f3n ser\u00e1n los primeros en informar debidamente a<\/p>\n","protected":false},"author":1,"featured_media":18683,"comment_status":"open","ping_status":"open","sticky":false,"template":"","format":"standard","meta":{"footnotes":""},"categories":[1],"tags":[],"class_list":["post-18682","post","type-post","status-publish","format-standard","has-post-thumbnail","hentry","category-blog"],"_links":{"self":[{"href":"https:\/\/samantharadionline.com\/index.php\/wp-json\/wp\/v2\/posts\/18682","targetHints":{"allow":["GET"]}}],"collection":[{"href":"https:\/\/samantharadionline.com\/index.php\/wp-json\/wp\/v2\/posts"}],"about":[{"href":"https:\/\/samantharadionline.com\/index.php\/wp-json\/wp\/v2\/types\/post"}],"author":[{"embeddable":true,"href":"https:\/\/samantharadionline.com\/index.php\/wp-json\/wp\/v2\/users\/1"}],"replies":[{"embeddable":true,"href":"https:\/\/samantharadionline.com\/index.php\/wp-json\/wp\/v2\/comments?post=18682"}],"version-history":[{"count":1,"href":"https:\/\/samantharadionline.com\/index.php\/wp-json\/wp\/v2\/posts\/18682\/revisions"}],"predecessor-version":[{"id":18684,"href":"https:\/\/samantharadionline.com\/index.php\/wp-json\/wp\/v2\/posts\/18682\/revisions\/18684"}],"wp:featuredmedia":[{"embeddable":true,"href":"https:\/\/samantharadionline.com\/index.php\/wp-json\/wp\/v2\/media\/18683"}],"wp:attachment":[{"href":"https:\/\/samantharadionline.com\/index.php\/wp-json\/wp\/v2\/media?parent=18682"}],"wp:term":[{"taxonomy":"category","embeddable":true,"href":"https:\/\/samantharadionline.com\/index.php\/wp-json\/wp\/v2\/categories?post=18682"},{"taxonomy":"post_tag","embeddable":true,"href":"https:\/\/samantharadionline.com\/index.php\/wp-json\/wp\/v2\/tags?post=18682"}],"curies":[{"name":"wp","href":"https:\/\/api.w.org\/{rel}","templated":true}]}}