{"id":18678,"date":"2025-08-22T16:41:50","date_gmt":"2025-08-22T20:41:50","guid":{"rendered":"https:\/\/samantharadionline.com\/?p=18678"},"modified":"2025-08-22T16:41:51","modified_gmt":"2025-08-22T20:41:51","slug":"inaipi-habia-denunciado-maltrato-de-manos-de-sus-tutores-en-los-guandules","status":"publish","type":"post","link":"https:\/\/samantharadionline.com\/index.php\/2025\/08\/22\/inaipi-habia-denunciado-maltrato-de-manos-de-sus-tutores-en-los-guandules\/","title":{"rendered":"Inaipi hab\u00eda denunciado maltrato de manos de sus tutores, en los Guandules"},"content":{"rendered":"\n<p class=\"has-medium-font-size\"><em>De acuerdo a Edith Febles, la denuncia se realiz\u00f3 por una mujer residente en el sector y que viv\u00eda cerca de la casa de la ni\u00f1a.<\/em><\/p>\n\n\n\n<figure class=\"wp-block-image\"><img decoding=\"async\" src=\"https:\/\/listindiario.com\/files\/image_60_60\/uploads\/2023\/05\/24\/646e8604494e2.jpeg\" alt=\"Avatar del Yudelka Dom\u00ednguez\"\/><\/figure>\n\n\n\n<p><em>\u00a0<\/em>Yudelka Dom\u00ednguez, <strong>Santo Domingo, RD.\u00a0<\/strong><\/p>\n\n\n\n<p>La periodista\u00a0<strong>Edith Febles<\/strong>\u00a0denunci\u00f3 este viernes que desde hace aproximadamente un mes el Instituto Nacional de Atenci\u00f3n Integral a la Primera Infancia (<strong>Inaipi<\/strong>), en el sector Los Guandules, ten\u00eda la denuncia de que<strong>\u00a0Smailin Coronado, la ni\u00f1a de siete a\u00f1os de edad que muri\u00f3 tras actos de tortura<\/strong>\u00a0y barbarie ocasionados por su t\u00eda<strong>\u00a0Yokeiry Coronado de la Cruz y el esposo de esta<\/strong>,<strong>\u00a0Jeider Montero Medina<\/strong>, era maltratada.<\/p>\n\n\n\n<p>De acuerdo a la comunicadora, la denuncia se realiz\u00f3 por una mujer residente en el sector y que viv\u00eda cerca de la casa de la ni\u00f1a. La misma contact\u00f3 a otra de nombre Josefina, que labora en ese Centro de Atenci\u00f3n Integral a La Primera Infancia (<strong>Caipi<\/strong>) y le cont\u00f3 que quer\u00eda hacer una denuncia an\u00f3nima \u201csobre el maltrato a una infante\u201d.<\/p>\n\n\n\n<p>\u201cJosefina del Inaipi, le responde, cu\u00e1l es la ni\u00f1a y qu\u00e9 edad, para yo saber si me pertenece a mi n\u00facleo\u201d, le responde la mujer.<\/p>\n\n\n\n<p>Durante el programa El D\u00eda (Telesistema 11), Febles continu\u00f3 informando que en otro mensaje la mujer le dijo que \u201csu jefa\u201d, de nombre Santa, hizo el reporte del maltrato y lo puso en \u201cemergencia\u201d.<\/p>\n\n\n\n<p>\u201cMi jefa lo subi\u00f3 a plataforma. Yo lo hice con el mismo nombre de la ni\u00f1a que me diste y con la misma referencia de lo que t\u00fa has observado, con eso hice el reporte. Entonces, ya mi jefa lo subi\u00f3 a plataforma y lo puso tipo emergencia. Desde que ellos nos respondan, yo te dejo saber cu\u00e1l ser\u00e1 el proceso. Puedes estar tranquila, porque ser an\u00f3nimo, tanto t\u00fa como yo, eso quedar\u00e1 a mi \u00e1nimo, pero seg\u00fan lo que se vaya haciendo, yo te voy a ir informaci\u00f3n para que t\u00fa sepas el proceso\u201d, se escuchaba en un audio que fue transcrito para publicarse en la televisi\u00f3n.<\/p>\n\n\n\n<p>Con impotencia, Edith Febles cuestion\u00f3 a estas dos&nbsp;<strong>funcionarias p\u00fablicas<\/strong>&nbsp;del porqu\u00e9 no alertaron a las instituciones correspondientes para evitar que la ni\u00f1a siguiera siendo maltratada. Al mismo tiempo, cuestion\u00f3 al&nbsp;<strong>Ministerio P\u00fablico<\/strong>&nbsp;de si dejar\u00e1 la investigaci\u00f3n solo en la culpabilidad de las dos personas detenidas.<\/p>\n\n\n\n<p>\u201cYo entiendo que aunque a Inaipi no le toca de manera directa el caso, lo que tiene que tener es personas que est\u00e9n en la capacidad de decir, miren, vamos a llamar al&nbsp;<strong>9-1-1<\/strong>, vamos a tramitarlo a la l\u00ednea vida o v\u00e1yase directamente a Conani\u201d, se cuestion\u00f3.<\/p>\n\n\n\n<p>El 16 de agosto de 2025, aproximadamente a las 6:30 de la tarde, se produjo la muerte de esta ni\u00f1a de siete a\u00f1os, en su residencia ubicada en la calle Respaldo Eugenio Perdomo, sector Los Guandules.<\/p>\n\n\n\n<p>De acuerdo al informe de una m\u00e9dico forense del Instituto Nacional de Ciencias Forenses (<strong>Inacif<\/strong>) la causa de la muerte estaba relacionada con un cuadro de maltrato reiterado.<\/p>\n\n\n\n<p><strong>Jeider Montero Medina<\/strong>, esposo de la v\u00edctima, habr\u00eda confesado con im\u00e1genes a las autoridades que la ni\u00f1a era maltratada y que \u00e9l sol\u00eda desatarla cuando la encontraba amarrada.<\/p>\n\n\n\n<p><strong>Arisleydi Coronado<\/strong>, abuela de la ni\u00f1a, indic\u00f3 que su hermana, Yokeiry Coronado de la Cruz, le pidi\u00f3 a la ni\u00f1a para cuidarla, porque no ten\u00eda hijos y se sent\u00eda sola.<\/p>\n\n\n\n<p>Una jueza del juzgado de Atenci\u00f3n Permanente del Distrito Nacional impuso tres meses de prisi\u00f3n preventiva, como medida de coerci\u00f3n en contra de Yokeiry Coronado de la Cruz y Jeider Montero Medina.&nbsp;<\/p>\n","protected":false},"excerpt":{"rendered":"<p>De acuerdo a Edith Febles, la denuncia se realiz\u00f3 por una mujer residente en el<\/p>\n","protected":false},"author":1,"featured_media":18679,"comment_status":"open","ping_status":"open","sticky":false,"template":"","format":"standard","meta":{"footnotes":""},"categories":[12],"tags":[],"class_list":["post-18678","post","type-post","status-publish","format-standard","has-post-thumbnail","hentry","category-nacionales"],"_links":{"self":[{"href":"https:\/\/samantharadionline.com\/index.php\/wp-json\/wp\/v2\/posts\/18678","targetHints":{"allow":["GET"]}}],"collection":[{"href":"https:\/\/samantharadionline.com\/index.php\/wp-json\/wp\/v2\/posts"}],"about":[{"href":"https:\/\/samantharadionline.com\/index.php\/wp-json\/wp\/v2\/types\/post"}],"author":[{"embeddable":true,"href":"https:\/\/samantharadionline.com\/index.php\/wp-json\/wp\/v2\/users\/1"}],"replies":[{"embeddable":true,"href":"https:\/\/samantharadionline.com\/index.php\/wp-json\/wp\/v2\/comments?post=18678"}],"version-history":[{"count":1,"href":"https:\/\/samantharadionline.com\/index.php\/wp-json\/wp\/v2\/posts\/18678\/revisions"}],"predecessor-version":[{"id":18680,"href":"https:\/\/samantharadionline.com\/index.php\/wp-json\/wp\/v2\/posts\/18678\/revisions\/18680"}],"wp:featuredmedia":[{"embeddable":true,"href":"https:\/\/samantharadionline.com\/index.php\/wp-json\/wp\/v2\/media\/18679"}],"wp:attachment":[{"href":"https:\/\/samantharadionline.com\/index.php\/wp-json\/wp\/v2\/media?parent=18678"}],"wp:term":[{"taxonomy":"category","embeddable":true,"href":"https:\/\/samantharadionline.com\/index.php\/wp-json\/wp\/v2\/categories?post=18678"},{"taxonomy":"post_tag","embeddable":true,"href":"https:\/\/samantharadionline.com\/index.php\/wp-json\/wp\/v2\/tags?post=18678"}],"curies":[{"name":"wp","href":"https:\/\/api.w.org\/{rel}","templated":true}]}}