{"id":18672,"date":"2025-08-22T16:33:10","date_gmt":"2025-08-22T20:33:10","guid":{"rendered":"https:\/\/samantharadionline.com\/?p=18672"},"modified":"2025-08-22T16:33:11","modified_gmt":"2025-08-22T20:33:11","slug":"el-pais-no-esta-al-borde-de-una-crisis-fiscal","status":"publish","type":"post","link":"https:\/\/samantharadionline.com\/index.php\/2025\/08\/22\/el-pais-no-esta-al-borde-de-una-crisis-fiscal\/","title":{"rendered":"\u00abEl pa\u00eds no est\u00e1 al borde de una crisis fiscal\u00bb"},"content":{"rendered":"\n<p class=\"has-medium-font-size\"><em>D\u00edaz reconoci\u00f3 que existe una limitaci\u00f3n de espacio fiscal, principalmente porque una parte importante de los ingresos tributarios se destina a cubrir el gasto en educaci\u00f3n<\/em><\/p>\n\n\n\n<figure class=\"wp-block-image\"><img decoding=\"async\" src=\"https:\/\/listindiario.com\/files\/image_60_60\/uploads\/2025\/07\/13\/68743be1bedc5.jpeg\" alt=\"Avatar del Sauro Scalella\"\/><\/figure>\n\n\n\n<p><em>\u00a0<\/em>Sauro Scalella, <strong>Santo Domingo, RD<\/strong><\/p>\n\n\n\n<p>El&nbsp;<strong>ministro de Hacienda&nbsp;<\/strong>y Econom\u00eda,&nbsp;<strong>Mag\u00edn D\u00edaz<\/strong>, afirm\u00f3 este viernes que Rep\u00fablica Dominicana no enfrenta una&nbsp;<strong>crisis fiscal&nbsp;<\/strong>y que el manejo de las finanzas p\u00fablicas se ha realizado de forma prudente, pese a que a\u00fan no se ha implementado una reforma fiscal integral.<\/p>\n\n\n\n<p>\u00abEl pa\u00eds no est\u00e1 al borde de una crisis fiscal, al contrario. La semana pasada, las calificadoras de riesgo mejoraron la calificaci\u00f3n del pa\u00eds, alabando el desempe\u00f1o macroecon\u00f3mico, el manejo del Banco Central y de las<strong>&nbsp;finanzas p\u00fablicas<\/strong>\u00ab, expres\u00f3 el funcionario.<\/p>\n\n\n\n<p>D\u00edaz reconoci\u00f3 que existe una limitaci\u00f3n de espacio fiscal, principalmente porque una parte importante de los ingresos tributarios se destina a cubrir el gasto en educaci\u00f3n.<\/p>\n\n\n\n<p>Sin embargo, aclar\u00f3 que este es un tema que va m\u00e1s all\u00e1 del Gobierno y corresponde a una decisi\u00f3n de la sociedad en su conjunto.<\/p>\n\n\n\n<p>\u00abEl pa\u00eds tiene un problema de espacio fiscal porque el gasto en educaci\u00f3n se lleva una gran parte de los ingresos tributarios\u00bb, sostuvo ante la prensa.<\/p>\n\n\n\n<p>Mag\u00edn tambi\u00e9n dijo que el pa\u00eds ha \u00absorteado\u00bb estos a\u00f1os su econom\u00eda despu\u00e9s de la&nbsp;<strong>COVID-19<\/strong>&nbsp;y \u00ablo ha hecho bastante bien\u00bb.<\/p>\n\n\n\n<p>\u00abYo lo dec\u00eda cuando estaba fuera del Gobierno\u00bb, dijo.<\/p>\n\n\n\n<p>\u00abTenemos el expertise como Ministerio de Hacienda, trabajando junto al Congreso, para manejar las finanzas p\u00fablicas de manera prudente y hasta ahora ser\u00e1 sin reforma (fiscal), porque eso es lo que ha decidido el pa\u00eds\u00bb, a\u00f1adi\u00f3.<\/p>\n\n\n\n<p>D\u00edaz ofreci\u00f3 estas declaraciones al responder preguntas de la prensa tras salir de una reuni\u00f3n con la comisi\u00f3n especial de la&nbsp;<strong>C\u00e1mara de Diputados<\/strong>&nbsp;que estudia el proyecto de presupuesto reformulado 2025, sometido el pasado martes por el Poder Ejecutivo al Congreso Nacional.<\/p>\n\n\n\n<p>Con esta pieza se pretende modificar la&nbsp;<strong>Ley 80-24<\/strong>, que aprueba el Presupuesto General del Estado para ese a\u00f1o.<\/p>\n\n\n\n<p>El ministro reiter\u00f3 que la prioridad de la reforma presupuestaria en curso es impulsar la inversi\u00f3n p\u00fablica, con el objetivo de dinamizar el crecimiento econ\u00f3mico sin comprometer la estabilidad fiscal.<\/p>\n\n\n\n<p>A principios de agosto, el presidente Luis Abinader neg\u00f3 que su Gobierno tenga planes de someter otro proyecto de reforma fiscal.<\/p>\n\n\n\n<p>En 2024, el Poder Ejecutivo present\u00f3 su propuesta de reforma fiscal, pero, despu\u00e9s de que no recibiera el apoyo de la sociedad y algunos sectores econ\u00f3micos, Abinader solicit\u00f3 el retiro inmediato del proyecto de ley de la agenda del Congreso Nacional.<\/p>\n\n\n\n<p>El jefe del Estado, sin embargo, ha afirmado que a su administraci\u00f3n se le hace \u00abmuy dif\u00edcil\u00bb cumplir con las demandas sociales sin una reforma fiscal, debido a los bajos niveles de ingresos en relaci\u00f3n con el tama\u00f1o de la econom\u00eda dominicana.<\/p>\n","protected":false},"excerpt":{"rendered":"<p>D\u00edaz reconoci\u00f3 que existe una limitaci\u00f3n de espacio fiscal, principalmente porque una parte importante de<\/p>\n","protected":false},"author":1,"featured_media":18673,"comment_status":"open","ping_status":"open","sticky":false,"template":"","format":"standard","meta":{"footnotes":""},"categories":[10],"tags":[],"class_list":["post-18672","post","type-post","status-publish","format-standard","has-post-thumbnail","hentry","category-economica"],"_links":{"self":[{"href":"https:\/\/samantharadionline.com\/index.php\/wp-json\/wp\/v2\/posts\/18672","targetHints":{"allow":["GET"]}}],"collection":[{"href":"https:\/\/samantharadionline.com\/index.php\/wp-json\/wp\/v2\/posts"}],"about":[{"href":"https:\/\/samantharadionline.com\/index.php\/wp-json\/wp\/v2\/types\/post"}],"author":[{"embeddable":true,"href":"https:\/\/samantharadionline.com\/index.php\/wp-json\/wp\/v2\/users\/1"}],"replies":[{"embeddable":true,"href":"https:\/\/samantharadionline.com\/index.php\/wp-json\/wp\/v2\/comments?post=18672"}],"version-history":[{"count":1,"href":"https:\/\/samantharadionline.com\/index.php\/wp-json\/wp\/v2\/posts\/18672\/revisions"}],"predecessor-version":[{"id":18674,"href":"https:\/\/samantharadionline.com\/index.php\/wp-json\/wp\/v2\/posts\/18672\/revisions\/18674"}],"wp:featuredmedia":[{"embeddable":true,"href":"https:\/\/samantharadionline.com\/index.php\/wp-json\/wp\/v2\/media\/18673"}],"wp:attachment":[{"href":"https:\/\/samantharadionline.com\/index.php\/wp-json\/wp\/v2\/media?parent=18672"}],"wp:term":[{"taxonomy":"category","embeddable":true,"href":"https:\/\/samantharadionline.com\/index.php\/wp-json\/wp\/v2\/categories?post=18672"},{"taxonomy":"post_tag","embeddable":true,"href":"https:\/\/samantharadionline.com\/index.php\/wp-json\/wp\/v2\/tags?post=18672"}],"curies":[{"name":"wp","href":"https:\/\/api.w.org\/{rel}","templated":true}]}}