{"id":18667,"date":"2025-08-22T15:28:14","date_gmt":"2025-08-22T19:28:14","guid":{"rendered":"https:\/\/samantharadionline.com\/?p=18667"},"modified":"2025-08-22T16:31:26","modified_gmt":"2025-08-22T20:31:26","slug":"extraditan-a-tres-dominicanos-acusados-de-narcotrafico-en-puerto-rico","status":"publish","type":"post","link":"https:\/\/samantharadionline.com\/index.php\/2025\/08\/22\/extraditan-a-tres-dominicanos-acusados-de-narcotrafico-en-puerto-rico\/","title":{"rendered":"Tres dominicanos acusados de narcotr\u00e1fico en Puerto Rico son extraditados"},"content":{"rendered":"\n<p class=\"has-medium-font-size\"><em>Roberto Rodr\u00edguez Payano, Lucas Jos\u00e9 P\u00e9rez y Yeuris Rodr\u00edguez Payano<\/em><\/p>\n\n\n\n<p><br>L.D., <strong>Santo Domingo, RD.&nbsp;<\/strong><\/p>\n\n\n\n<p>La Procuradur\u00eda General de la Rep\u00fablica (PGR) y miembros de la Direcci\u00f3n Nacional de Control de Drogas (DNCD), apoyados por Alguaciles de Estados Unidos (U.S. Marshals), extraditaron a tres dominicanos solicitados en extradici\u00f3n en el Distrito Judicial de Puerto Rico bajo los cargos de narcotr\u00e1fico y otros delitos.<\/p>\n\n\n\n<p>Roberto Rodr\u00edguez Payano, Lucas Jos\u00e9 P\u00e9rez y Yeuris Rodr\u00edguez Payano fueron trasladados por unidades operativas al Aeropuerto Internacional de Las Am\u00e9ricas Jos\u00e9 Francisco Pe\u00f1a G\u00f3mez, donde custodiados por oficiales estadounidenses abordaron un vuelo comercial con destino a la vecina isla.<\/p>\n\n\n\n<p>Los dominicanos fueron arrestados mediante \u00f3rdenes de arresto emitidas por la Segunda Sala de la Suprema Corte de Justicia y entregados a Estados Unidos, mediante los decretos del Poder Ejecutivo, 404-25, 405-25, 406-25, respectivamente, que autorizan su extradici\u00f3n.<\/p>\n\n\n\n<p>\u201cLos tres hombres son requeridos por ante un Tribunal del Distrito Judicial de Puerto Rico, que los acusa de asociaci\u00f3n delictuosa para distribuir coca\u00edna, asociaci\u00f3n delictuosa para importar coca\u00edna, tentativa y otros cargos relacionados con el delito de narcotr\u00e1fico\u00bb.<\/p>\n\n\n\n<p>Los extraditables fueron arrestados en julio de este a\u00f1o en operativos desarrollados en el Residencial Las Orqu\u00eddeas II, sector R\u00edo Salado y en la calle Francisco Castillo Marquez, de la provincia de La Romana.<\/p>\n","protected":false},"excerpt":{"rendered":"<p>Roberto Rodr\u00edguez Payano, Lucas Jos\u00e9 P\u00e9rez y Yeuris Rodr\u00edguez Payano L.D., Santo Domingo, RD.&nbsp; La<\/p>\n","protected":false},"author":1,"featured_media":18668,"comment_status":"open","ping_status":"open","sticky":false,"template":"","format":"standard","meta":{"footnotes":""},"categories":[12],"tags":[],"class_list":["post-18667","post","type-post","status-publish","format-standard","has-post-thumbnail","hentry","category-nacionales"],"_links":{"self":[{"href":"https:\/\/samantharadionline.com\/index.php\/wp-json\/wp\/v2\/posts\/18667","targetHints":{"allow":["GET"]}}],"collection":[{"href":"https:\/\/samantharadionline.com\/index.php\/wp-json\/wp\/v2\/posts"}],"about":[{"href":"https:\/\/samantharadionline.com\/index.php\/wp-json\/wp\/v2\/types\/post"}],"author":[{"embeddable":true,"href":"https:\/\/samantharadionline.com\/index.php\/wp-json\/wp\/v2\/users\/1"}],"replies":[{"embeddable":true,"href":"https:\/\/samantharadionline.com\/index.php\/wp-json\/wp\/v2\/comments?post=18667"}],"version-history":[{"count":2,"href":"https:\/\/samantharadionline.com\/index.php\/wp-json\/wp\/v2\/posts\/18667\/revisions"}],"predecessor-version":[{"id":18671,"href":"https:\/\/samantharadionline.com\/index.php\/wp-json\/wp\/v2\/posts\/18667\/revisions\/18671"}],"wp:featuredmedia":[{"embeddable":true,"href":"https:\/\/samantharadionline.com\/index.php\/wp-json\/wp\/v2\/media\/18668"}],"wp:attachment":[{"href":"https:\/\/samantharadionline.com\/index.php\/wp-json\/wp\/v2\/media?parent=18667"}],"wp:term":[{"taxonomy":"category","embeddable":true,"href":"https:\/\/samantharadionline.com\/index.php\/wp-json\/wp\/v2\/categories?post=18667"},{"taxonomy":"post_tag","embeddable":true,"href":"https:\/\/samantharadionline.com\/index.php\/wp-json\/wp\/v2\/tags?post=18667"}],"curies":[{"name":"wp","href":"https:\/\/api.w.org\/{rel}","templated":true}]}}