{"id":18661,"date":"2025-08-22T15:20:38","date_gmt":"2025-08-22T19:20:38","guid":{"rendered":"https:\/\/samantharadionline.com\/?p=18661"},"modified":"2025-08-22T15:20:39","modified_gmt":"2025-08-22T19:20:39","slug":"detienen-a-varios-empleados-del-ministerio-de-agricultura-por-presunto-desvio-de-fondos","status":"publish","type":"post","link":"https:\/\/samantharadionline.com\/index.php\/2025\/08\/22\/detienen-a-varios-empleados-del-ministerio-de-agricultura-por-presunto-desvio-de-fondos\/","title":{"rendered":"Detienen a varios empleados del Ministerio de Agricultura por presunto desv\u00edo de fondos"},"content":{"rendered":"\n<p class=\"has-medium-font-size\"><em>La informaci\u00f3n confirmada a List\u00edn Diario se\u00f1ala que fueron detenidos Santiago Regalado, jefe de seguridad del Ministerio; el coronel Harel Katz, encargado del Departamento de Seguridad Militar.<\/em><\/p>\n\n\n\n<p><br>Yudelka Dom\u00ednguez, L.D., <strong>Santo Domingo, RD.\u00a0<\/strong><\/p>\n\n\n\n<p>La Procuradur\u00eda Especializada de Persecuci\u00f3n de la&nbsp;<strong>Corrupci\u00f3n&nbsp;<\/strong>Administrativa (<strong>PEPCA<\/strong>), arrest\u00f3 a varios&nbsp; empleados del&nbsp;<strong>Ministerio de Agricultura<\/strong>&nbsp;vinculados a desv\u00edos de fondos de esa entidad.<\/p>\n\n\n\n<p>La informaci\u00f3n confirmada a List\u00edn Diario se\u00f1ala que fueron detenidos Santiago Regalado, jefe de seguridad del Ministerio; el coronel<strong>&nbsp;Harel Katz<\/strong>, encargado del Departamento de Seguridad Militar.<\/p>\n\n\n\n<p>De acuerdo a la fuente, tambi\u00e9n se est\u00e1 investigando el jefe del Gabinete del ministro&nbsp;<strong>Limber Cruz<\/strong>,&nbsp;<strong>Freddy Fern\u00e1ndez<\/strong>, y empleados del \u00e1rea financiera.<\/p>\n\n\n\n<p>El Ministerio de Agricultura envi\u00f3 una resoluci\u00f3n este jueves en la cual sustitu\u00eda a algunos militares que laboraban en esa entidad.<\/p>\n\n\n\n<p>El<strong>&nbsp;desv\u00edo de fondos&nbsp;<\/strong>se habr\u00eda realizado de los recursos destinados a varios programas de ese entidad.&nbsp;<\/p>\n","protected":false},"excerpt":{"rendered":"<p>La informaci\u00f3n confirmada a List\u00edn Diario se\u00f1ala que fueron detenidos Santiago Regalado, jefe de seguridad<\/p>\n","protected":false},"author":1,"featured_media":18662,"comment_status":"open","ping_status":"open","sticky":false,"template":"","format":"standard","meta":{"footnotes":""},"categories":[12],"tags":[],"class_list":["post-18661","post","type-post","status-publish","format-standard","has-post-thumbnail","hentry","category-nacionales"],"_links":{"self":[{"href":"https:\/\/samantharadionline.com\/index.php\/wp-json\/wp\/v2\/posts\/18661","targetHints":{"allow":["GET"]}}],"collection":[{"href":"https:\/\/samantharadionline.com\/index.php\/wp-json\/wp\/v2\/posts"}],"about":[{"href":"https:\/\/samantharadionline.com\/index.php\/wp-json\/wp\/v2\/types\/post"}],"author":[{"embeddable":true,"href":"https:\/\/samantharadionline.com\/index.php\/wp-json\/wp\/v2\/users\/1"}],"replies":[{"embeddable":true,"href":"https:\/\/samantharadionline.com\/index.php\/wp-json\/wp\/v2\/comments?post=18661"}],"version-history":[{"count":1,"href":"https:\/\/samantharadionline.com\/index.php\/wp-json\/wp\/v2\/posts\/18661\/revisions"}],"predecessor-version":[{"id":18663,"href":"https:\/\/samantharadionline.com\/index.php\/wp-json\/wp\/v2\/posts\/18661\/revisions\/18663"}],"wp:featuredmedia":[{"embeddable":true,"href":"https:\/\/samantharadionline.com\/index.php\/wp-json\/wp\/v2\/media\/18662"}],"wp:attachment":[{"href":"https:\/\/samantharadionline.com\/index.php\/wp-json\/wp\/v2\/media?parent=18661"}],"wp:term":[{"taxonomy":"category","embeddable":true,"href":"https:\/\/samantharadionline.com\/index.php\/wp-json\/wp\/v2\/categories?post=18661"},{"taxonomy":"post_tag","embeddable":true,"href":"https:\/\/samantharadionline.com\/index.php\/wp-json\/wp\/v2\/tags?post=18661"}],"curies":[{"name":"wp","href":"https:\/\/api.w.org\/{rel}","templated":true}]}}