{"id":18630,"date":"2025-08-21T16:12:53","date_gmt":"2025-08-21T20:12:53","guid":{"rendered":"https:\/\/samantharadionline.com\/?p=18630"},"modified":"2025-08-21T16:12:54","modified_gmt":"2025-08-21T20:12:54","slug":"felix-bautista-enfrenta-larga-recuperacion-tras-cirugia-de-hombro","status":"publish","type":"post","link":"https:\/\/samantharadionline.com\/index.php\/2025\/08\/21\/felix-bautista-enfrenta-larga-recuperacion-tras-cirugia-de-hombro\/","title":{"rendered":"F\u00e9lix Bautista enfrenta larga recuperaci\u00f3n tras cirug\u00eda de hombro"},"content":{"rendered":"\n<figure class=\"wp-block-image\"><img decoding=\"async\" src=\"https:\/\/listindiario.com\/files\/image_60_60\/uploads\/2023\/05\/23\/646ccfb2f0e7e.jpeg\" alt=\"Avatar del Agencia AP\"\/><\/figure>\n\n\n\n<p><em>\u00a0<\/em>Agencia AP, <strong>Baltimore, EU<\/strong><\/p>\n\n\n\n<p><strong>El cerrador de los Orioles<\/strong>&nbsp;F\u00e9lix Bautista se someti\u00f3 a otra operaci\u00f3n importante, esta vez para reparar un desgarro en el&nbsp;<strong>manguito rotador<\/strong>&nbsp;y un desgarro en el labrum.<\/p>\n\n\n\n<p>El equipo informa que&nbsp;<strong>el dominicano Bautista<\/strong>&nbsp;fue operado el martes por el<strong>&nbsp;Dr. Neal ElAttrache<\/strong>&nbsp;en Los \u00c1ngeles. Esto se produjo poco m\u00e1s de una semana despu\u00e9s de que el manager interino Tony Mansolino anunciara que el lanzador derecho de 2,03 metros&nbsp;<strong>se perder\u00eda el resto de la temporada<\/strong>&nbsp;debido a una lesi\u00f3n \u201csignificativa\u201d en el hombro.<\/p>\n\n\n\n<p><strong>Es probable que Bautista<\/strong>&nbsp;tambi\u00e9n se pierda la mayor parte de la pr\u00f3xima temporada, parte de una serie de problemas de salud que lo han limitado desde que fue seleccionado para el equipo&nbsp;<strong>All-Star en 2023.<\/strong><\/p>\n\n\n\n<p>Bautista fue&nbsp;<strong>uno de los relevistas m\u00e1s imponentes<\/strong>&nbsp;en el b\u00e9isbol ese a\u00f1o, registrando 33 salvamentos y una efectividad de 1.48. Sin embargo, se perdi\u00f3 el \u00faltimo mes de esa temporada, adem\u00e1s de los playoffs, debido a una lesi\u00f3n en el ligamento colateral cubital derecho. Despu\u00e9s de la<strong>&nbsp;cirug\u00eda Tommy John,&nbsp;<\/strong>estuvo fuera durante todo 2024.<\/p>\n\n\n\n<p>Bautista pudo regresar este a\u00f1o, logrando un r\u00e9cord de 1-1 con una<strong>&nbsp;efectividad de 2.60&nbsp;<\/strong>y 19 salvamentos, pero despu\u00e9s de 34 entraas y dos tercios de labor, volver\u00e1 a perderse un tiempo significativo.<\/p>\n","protected":false},"excerpt":{"rendered":"<p>\u00a0Agencia AP, Baltimore, EU El cerrador de los Orioles&nbsp;F\u00e9lix Bautista se someti\u00f3 a otra operaci\u00f3n<\/p>\n","protected":false},"author":1,"featured_media":18631,"comment_status":"open","ping_status":"open","sticky":false,"template":"","format":"standard","meta":{"footnotes":""},"categories":[14],"tags":[],"class_list":["post-18630","post","type-post","status-publish","format-standard","has-post-thumbnail","hentry","category-deportes"],"_links":{"self":[{"href":"https:\/\/samantharadionline.com\/index.php\/wp-json\/wp\/v2\/posts\/18630","targetHints":{"allow":["GET"]}}],"collection":[{"href":"https:\/\/samantharadionline.com\/index.php\/wp-json\/wp\/v2\/posts"}],"about":[{"href":"https:\/\/samantharadionline.com\/index.php\/wp-json\/wp\/v2\/types\/post"}],"author":[{"embeddable":true,"href":"https:\/\/samantharadionline.com\/index.php\/wp-json\/wp\/v2\/users\/1"}],"replies":[{"embeddable":true,"href":"https:\/\/samantharadionline.com\/index.php\/wp-json\/wp\/v2\/comments?post=18630"}],"version-history":[{"count":1,"href":"https:\/\/samantharadionline.com\/index.php\/wp-json\/wp\/v2\/posts\/18630\/revisions"}],"predecessor-version":[{"id":18632,"href":"https:\/\/samantharadionline.com\/index.php\/wp-json\/wp\/v2\/posts\/18630\/revisions\/18632"}],"wp:featuredmedia":[{"embeddable":true,"href":"https:\/\/samantharadionline.com\/index.php\/wp-json\/wp\/v2\/media\/18631"}],"wp:attachment":[{"href":"https:\/\/samantharadionline.com\/index.php\/wp-json\/wp\/v2\/media?parent=18630"}],"wp:term":[{"taxonomy":"category","embeddable":true,"href":"https:\/\/samantharadionline.com\/index.php\/wp-json\/wp\/v2\/categories?post=18630"},{"taxonomy":"post_tag","embeddable":true,"href":"https:\/\/samantharadionline.com\/index.php\/wp-json\/wp\/v2\/tags?post=18630"}],"curies":[{"name":"wp","href":"https:\/\/api.w.org\/{rel}","templated":true}]}}