{"id":18616,"date":"2025-08-21T15:48:17","date_gmt":"2025-08-21T19:48:17","guid":{"rendered":"https:\/\/samantharadionline.com\/?p=18616"},"modified":"2025-08-21T15:48:17","modified_gmt":"2025-08-21T19:48:17","slug":"41-ninas-menores-de-14-anos-murieron-a-manos-de-familiares-y-conocidos-entre-2020-y-2024","status":"publish","type":"post","link":"https:\/\/samantharadionline.com\/index.php\/2025\/08\/21\/41-ninas-menores-de-14-anos-murieron-a-manos-de-familiares-y-conocidos-entre-2020-y-2024\/","title":{"rendered":"41 ni\u00f1as menores de 14 a\u00f1os murieron a manos de familiares y conocidos entre 2020 y 2024"},"content":{"rendered":"\n<p class=\"has-medium-font-size\"><em>Entre estas muertes hay intencionadas, no intencionadas y feminicidios que fueron cometidas en su mayor\u00eda por padrastros de las menores, con un total de 12, segmentadas en cinco muertes, cinco feminicidios y dos feminicidios con violaci\u00f3n o intento.<\/em><\/p>\n\n\n\n<p><br>Melanie Cuevas, L.D., <strong>Santo Domingo, RD\u00a0<\/strong><\/p>\n\n\n\n<p>Entre 2020 y 2024, al menos&nbsp;<strong>41 adolescentes menores de 14 a\u00f1os<\/strong>&nbsp;fallecieron a manos de familiares y conocidos, conforme al Compendio de Estad\u00edsticas de Mujeres Fallecidas en condiciones de Violencia, de ese mismo per\u00edodo de la&nbsp;<strong>Oficina Nacional de Estad\u00edstica (ONE).<\/strong><\/p>\n\n\n\n<p>Estas muertes entre intencionadas, no intencionadas y feminicidios que<strong>&nbsp;fueron cometidas en su mayor\u00eda por padrastros de las menores,<\/strong>&nbsp;con un total de 12, segmentadas en cinco muertes, cinco feminicidios y dos feminicidios con violaci\u00f3n o intento.<\/p>\n\n\n\n<p>Entre los victimarios tambi\u00e9n figuran los padres, con total de 9 v\u00edctimas; las madres con 8 muertes; 7 ni\u00f1as murieron a manos de conocidos.<\/p>\n\n\n\n<p>Otros victimarios son hermanos (3 muertes); hermanas (1 muerte); t\u00eda (1 muerte).<\/p>\n\n\n\n<p>A estos fallecimientos se suman seis v\u00edctimas a manos de desconocido; 12 por individuos cuya relaci\u00f3n con la v\u00edctima es desconocida y una a manos de un agente del orden, para una soma total de 60 menores fallecidas.<\/p>\n\n\n\n<p>De estas fallecidas,&nbsp;<strong>42 eran dominicanas y 18 eran haitianas,<\/strong>&nbsp;seg\u00fan se\u00f1ala el informe.<\/p>\n\n\n\n<h3 class=\"wp-block-heading\">Caso<\/h3>\n\n\n\n<p>El caso m\u00e1s reciente de este tipo es el de una menor de 7 a\u00f1os, quien muri\u00f3 presuntamente a manos de sus tutores&nbsp;<strong>Yokeiry Coronado De La Cruz y Jeider Montero Medina,<\/strong>&nbsp;en un hecho ocurrido en el sector Los Guandules, del Distrito Nacional.<\/p>\n\n\n\n<p>La pareja es acusada de homicidio, actos de tortura y barbarie y maltrato contra menores de edad.<\/p>\n\n\n\n<p>La investigaci\u00f3n establece que la infante se encontraba bajo cuidado de los imputados, quienes&nbsp;<strong>incumplieron su deber de protecci\u00f3n,&nbsp;<\/strong>lo que deriv\u00f3 en su fallecimiento el pasado 16 de agosto.<\/p>\n\n\n\n<p>De acuerdo con la solicitud de medida presentada por la procuradora fiscal Topacio Milagro Suero Sierra, adscrita al&nbsp;<strong>Departamento de Cr\u00edmenes y Delitos contra la Persona (Homicidio)&nbsp;<\/strong>del Distrito Nacional, los hechos se produjeron durante los meses de julio y agosto del a\u00f1o en curso, cuando la imputada Yokeiry Coronado De La Cruz incurri\u00f3 en actos de maltrato contra la v\u00edctima, mientras que el imputado Jeider Montero Medina, teniendo conocimiento de la situaci\u00f3n, no la denunci\u00f3, lo que culmin\u00f3 con la muerte de la ni\u00f1a.<\/p>\n","protected":false},"excerpt":{"rendered":"<p>Entre estas muertes hay intencionadas, no intencionadas y feminicidios que fueron cometidas en su mayor\u00eda<\/p>\n","protected":false},"author":1,"featured_media":18617,"comment_status":"open","ping_status":"open","sticky":false,"template":"","format":"standard","meta":{"footnotes":""},"categories":[4],"tags":[],"class_list":["post-18616","post","type-post","status-publish","format-standard","has-post-thumbnail","hentry","category-mundiales"],"_links":{"self":[{"href":"https:\/\/samantharadionline.com\/index.php\/wp-json\/wp\/v2\/posts\/18616","targetHints":{"allow":["GET"]}}],"collection":[{"href":"https:\/\/samantharadionline.com\/index.php\/wp-json\/wp\/v2\/posts"}],"about":[{"href":"https:\/\/samantharadionline.com\/index.php\/wp-json\/wp\/v2\/types\/post"}],"author":[{"embeddable":true,"href":"https:\/\/samantharadionline.com\/index.php\/wp-json\/wp\/v2\/users\/1"}],"replies":[{"embeddable":true,"href":"https:\/\/samantharadionline.com\/index.php\/wp-json\/wp\/v2\/comments?post=18616"}],"version-history":[{"count":1,"href":"https:\/\/samantharadionline.com\/index.php\/wp-json\/wp\/v2\/posts\/18616\/revisions"}],"predecessor-version":[{"id":18618,"href":"https:\/\/samantharadionline.com\/index.php\/wp-json\/wp\/v2\/posts\/18616\/revisions\/18618"}],"wp:featuredmedia":[{"embeddable":true,"href":"https:\/\/samantharadionline.com\/index.php\/wp-json\/wp\/v2\/media\/18617"}],"wp:attachment":[{"href":"https:\/\/samantharadionline.com\/index.php\/wp-json\/wp\/v2\/media?parent=18616"}],"wp:term":[{"taxonomy":"category","embeddable":true,"href":"https:\/\/samantharadionline.com\/index.php\/wp-json\/wp\/v2\/categories?post=18616"},{"taxonomy":"post_tag","embeddable":true,"href":"https:\/\/samantharadionline.com\/index.php\/wp-json\/wp\/v2\/tags?post=18616"}],"curies":[{"name":"wp","href":"https:\/\/api.w.org\/{rel}","templated":true}]}}