{"id":18613,"date":"2025-08-21T15:44:34","date_gmt":"2025-08-21T19:44:34","guid":{"rendered":"https:\/\/samantharadionline.com\/?p=18613"},"modified":"2025-08-21T15:44:34","modified_gmt":"2025-08-21T19:44:34","slug":"celso-marranzini-sobre-apagones-a-finales-del-ano-2025-el-problema-estara-subsanado","status":"publish","type":"post","link":"https:\/\/samantharadionline.com\/index.php\/2025\/08\/21\/celso-marranzini-sobre-apagones-a-finales-del-ano-2025-el-problema-estara-subsanado\/","title":{"rendered":"Celso Marranzini sobre apagones: A finales del a\u00f1o 2025 el problema estar\u00e1 subsanado"},"content":{"rendered":"\n<p class=\"has-medium-font-size\"><em>Rep\u00fablica Dominicana ha sufrido constantes interrupciones en el suministro el\u00e9ctrico<\/em><\/p>\n\n\n\n<p><em>\u00a0<\/em>Yudelka Dom\u00ednguez, L.D.,<strong> Santo Domingo, RD.\u00a0<\/strong><\/p>\n\n\n\n<p>El presidente del Consejo Unificado de las Empresas Distribuidoras de Electricidad (<strong>CUED<\/strong>),&nbsp;<strong>Celso Marranzini<\/strong>, inform\u00f3 que los apagones generados la semana pasada no fueron solo por la salida de la&nbsp;<strong>Unidad 2&nbsp;<\/strong>de la&nbsp;<strong>Termoel\u00e9ctrica Punta Catalina.<\/strong><\/p>\n\n\n\n<p>Marranzini indic\u00f3 que en la misma semana se registraron problemas en la empresa&nbsp;<strong>Generadora de Electricidad Itabo<\/strong>;&nbsp;<strong>Parque Energ\u00e9tico Los Mina y Siba Energy<\/strong>, lo que ocasion\u00f3 que el sistema sufriera un d\u00e9ficit de m\u00e1s de 600 megas.<\/p>\n\n\n\n<p>Al ser entrevistado en el programa&nbsp;<strong>El D\u00eda<\/strong>, que se transmite por&nbsp;<strong>Telesistema<\/strong>, canal 11, Celso Marranzini, prometi\u00f3 que el problema de los apagones estar\u00e1 subsanado para finales de este a\u00f1o, debido a que Siba aumentar\u00e1 su capacidad y entrar\u00e1 al sistema una turbina de la empresa Energas.<\/p>\n\n\n\n<p>\u201cLo que nosotros podemos asegurar es que a partir del a\u00f1o que viene, no del a\u00f1o que viene, sino a finales de este a\u00f1o,&nbsp;<strong>el problema va a estar subsanado completamente\u201d<\/strong>, dijo.<\/p>\n\n\n\n<p>Lea tambi\u00e9n<\/p>\n\n\n\n<p>Sumado a esto, se\u00f1al\u00f3 que es muy posible que este a\u00f1o se inviertan 400 millones de d\u00f3lares en subestaciones, redes y medidores inteligentes, que no requieran de personas casa por casa supervisando el consumo.<\/p>\n\n\n\n<p>Expres\u00f3, adem\u00e1s, que en verano hay inconvenientes con el sector energ\u00e9tico, por la cantidad de consumo, aunque este&nbsp;<strong>\u201cverano ha habido menos\u201d<\/strong>, pero \u201chan sido puntuales\u201d.<\/p>\n\n\n\n<p>Dentro de los trabajos que realizan para disminuir los apagones, inform\u00f3 que se ha eliminado la&nbsp;<strong>sobrepotencia de las subestaciones<\/strong>, se han instalado nuevas subestaciones, adem\u00e1s de realizar cambios en redes y&nbsp; medidores.<\/p>\n\n\n\n<p>\u201cPara el 2028 se van a dejar 2,200 megas instalados\u201d, dijo el presidente del Consejo Unificado de las Empresas Distribuidoras de Electricidad.<\/p>\n\n\n\n<p>Lea tambi\u00e9n<\/p>\n\n\n\n<h3 class=\"wp-block-heading\">Los apagones<\/h3>\n\n\n\n<p>Rep\u00fablica Dominicana ha sufrido constantes interrupciones en el&nbsp;<strong>suministro el\u00e9ctrico<\/strong>, con&nbsp;<strong>apagones&nbsp;<\/strong>prolongados que en algunos casos han llegado hasta 12 horas diarias durante las \u00faltimas semanas. Estas interrupciones han afectado tanto a la poblaci\u00f3n como a negocios y servicios, generando m\u00faltiples protestas, marchas pac\u00edficas y quema de neum\u00e1ticos para exigir soluciones inmediatas.<\/p>\n\n\n\n<p>Algunas de las<strong>&nbsp;zonas m\u00e1s afectadas&nbsp;<\/strong>incluyen el&nbsp;<strong>Distrito Nacional<\/strong>, Santo Domingo Este y Oeste, as\u00ed como comunidades espec\u00edficas como Villa Juana, Villa Consuelo, San Luis y San Isidro. En Bonao y regiones del&nbsp;<strong>Cibao&nbsp;<\/strong>tambi\u00e9n se reportaron protestas debido a estos continuos apagones que seg\u00fan usuarios les han da\u00f1ado&nbsp;<strong>electrodom\u00e9sticos<\/strong>.<\/p>\n\n\n\n<p>El pasado s\u00e1bado 16 de agosto, el presidente Luis Abinader pidi\u00f3 disculpas oficialmente a la ciudadan\u00eda por los&nbsp;<strong>apagones&nbsp;<\/strong>y explic\u00f3 que adem\u00e1s de la salida de operaci\u00f3n de la&nbsp;<strong>Unidad 2 de Punta Catalina<\/strong>, otras plantas como Los Mina II y Siba tambi\u00e9n hab\u00edan salido de operaci\u00f3n, representando aproximadamente un 15% de la&nbsp;<strong>demanda el\u00e9ctrica nacional.&nbsp;<\/strong><\/p>\n\n\n\n<p>Abinader anunci\u00f3 que en los pr\u00f3ximos seis meses se incorporar\u00e1n 600 megavatios de capacidad gradual al sistema como contingencia para evitar fallas similares en el futuro.&nbsp;<\/p>\n\n\n\n<p>En respuesta a las cr\u00edticas y protestas, el presidente Abinader reconoci\u00f3 que los&nbsp;<strong>apagones&nbsp;<\/strong>son \u00abodiosos\u00bb y afectan a todos, incluyendo al gobierno. Se\u00f1al\u00f3 que se est\u00e1 trabajando para mejorar el sistema, que el pa\u00eds ha aumentado significativamente la generaci\u00f3n de&nbsp;<strong>energ\u00eda renovable<\/strong>, y que estas acciones a futuro ayudar\u00e1n a tener un suministro el\u00e9ctrico m\u00e1s confiable.<\/p>\n","protected":false},"excerpt":{"rendered":"<p>Rep\u00fablica Dominicana ha sufrido constantes interrupciones en el suministro el\u00e9ctrico \u00a0Yudelka Dom\u00ednguez, L.D., Santo Domingo,<\/p>\n","protected":false},"author":1,"featured_media":18614,"comment_status":"open","ping_status":"open","sticky":false,"template":"","format":"standard","meta":{"footnotes":""},"categories":[12],"tags":[],"class_list":["post-18613","post","type-post","status-publish","format-standard","has-post-thumbnail","hentry","category-nacionales"],"_links":{"self":[{"href":"https:\/\/samantharadionline.com\/index.php\/wp-json\/wp\/v2\/posts\/18613","targetHints":{"allow":["GET"]}}],"collection":[{"href":"https:\/\/samantharadionline.com\/index.php\/wp-json\/wp\/v2\/posts"}],"about":[{"href":"https:\/\/samantharadionline.com\/index.php\/wp-json\/wp\/v2\/types\/post"}],"author":[{"embeddable":true,"href":"https:\/\/samantharadionline.com\/index.php\/wp-json\/wp\/v2\/users\/1"}],"replies":[{"embeddable":true,"href":"https:\/\/samantharadionline.com\/index.php\/wp-json\/wp\/v2\/comments?post=18613"}],"version-history":[{"count":1,"href":"https:\/\/samantharadionline.com\/index.php\/wp-json\/wp\/v2\/posts\/18613\/revisions"}],"predecessor-version":[{"id":18615,"href":"https:\/\/samantharadionline.com\/index.php\/wp-json\/wp\/v2\/posts\/18613\/revisions\/18615"}],"wp:featuredmedia":[{"embeddable":true,"href":"https:\/\/samantharadionline.com\/index.php\/wp-json\/wp\/v2\/media\/18614"}],"wp:attachment":[{"href":"https:\/\/samantharadionline.com\/index.php\/wp-json\/wp\/v2\/media?parent=18613"}],"wp:term":[{"taxonomy":"category","embeddable":true,"href":"https:\/\/samantharadionline.com\/index.php\/wp-json\/wp\/v2\/categories?post=18613"},{"taxonomy":"post_tag","embeddable":true,"href":"https:\/\/samantharadionline.com\/index.php\/wp-json\/wp\/v2\/tags?post=18613"}],"curies":[{"name":"wp","href":"https:\/\/api.w.org\/{rel}","templated":true}]}}