{"id":18610,"date":"2025-08-21T15:41:05","date_gmt":"2025-08-21T19:41:05","guid":{"rendered":"https:\/\/samantharadionline.com\/?p=18610"},"modified":"2025-08-21T15:41:06","modified_gmt":"2025-08-21T19:41:06","slug":"los-3-factores-de-los-apagones-segun-abinader-tardanza-en-entrada-de-nuevos-megas-alta-demanda-y-sargazo","status":"publish","type":"post","link":"https:\/\/samantharadionline.com\/index.php\/2025\/08\/21\/los-3-factores-de-los-apagones-segun-abinader-tardanza-en-entrada-de-nuevos-megas-alta-demanda-y-sargazo\/","title":{"rendered":"Los 3 factores de los apagones, seg\u00fan Abinader: Tardanza en entrada de nuevos megas, alta demanda y sargazo"},"content":{"rendered":"\n<h2 class=\"wp-block-heading has-medium-font-size\"><em>La crisis del sector el\u00e9ctrico ha desatado una serie de reclamos y protestas a escala nacional.<\/em><\/h2>\n\n\n\n<p><em>\u00a0<\/em>Sauro Scalella, L.D., <strong>Santo Domingo, RD.<\/strong><\/p>\n\n\n\n<p>En los \u00faltimos d\u00edas, los\u00a0<strong>apagones\u00a0<\/strong>no dan tregua en Rep\u00fablica Dominicana. La crisis que atraviesa el sector el\u00e9ctrico responde, seg\u00fan el\u00a0<strong>presidente Luis Abinader<\/strong>, a tres factores: la tardanza en la entrada de\u00a0<strong>600 nuevos megavatios<\/strong>\u00a0al sistema, el<strong>\u00a0incremento de la demanda<\/strong>\u00a0provocado por las altas temperaturas, y la presencia de\u00a0<strong>sargazo\u00a0<\/strong>que ha afectado la operaci\u00f3n de plantas como\u00a0Punta Catalina.<\/p>\n\n\n\n<p>A esto se suma el mantenimiento de&nbsp;<strong>varias generadoras<\/strong>, lo que ha reducido a\u00fan m\u00e1s la capacidad disponible.<\/p>\n\n\n\n<p>As\u00ed lo explic\u00f3 este jueves el mandatario, quien asegur\u00f3 que el gobierno est\u00e1 \u00abhaciendo todo lo posible\u00bb por solucionar los&nbsp;<strong>prolongados apagones<\/strong>&nbsp;en algunas localidades del pa\u00eds.<\/p>\n\n\n\n<p>\u00abEstamos muy preocupados y ocupados con este tema. Ha habido tres factores que son los que han perjudicado (al sector): primero, la tardanza en el inicio de operaciones de 600 megas\u00bb, indic\u00f3 Abinader.<\/p>\n\n\n\n<p>Esos nuevos megas, asegur\u00f3, entrar\u00e1n al sistema \u00abpaulatinamente\u00bb en septiembre.<\/p>\n\n\n\n<p>\u00abUn aumento de la demanda (de energ\u00eda) inusitado. La semana pasada lleg\u00f3 4,000 megas la demanda. En 2020, la demanda m\u00e1xima era 2,730 aproximadamente. Y hoy es de 4,000\u00bb, sigui\u00f3 explicando el mandatario.<\/p>\n\n\n\n<p>Y el tercer factor, seg\u00fan el jefe del Estado, tiene que ver con la salida de algunas\u00a0<strong>plantas el\u00e9ctricas<\/strong>\u00a0por mantenimiento y la presencia de sargazo en la<strong>\u00a0Termoel\u00e9ctrica Punta Catalina,<\/strong> que ha sacado 50 megas del sistema.<\/p>\n\n\n\n<p>\u00abTodo llega al mismo momento\u00bb, lament\u00f3 a los periodistas, y agreg\u00f3 que el mi\u00e9rcoles la oferta de luz cerr\u00f3 en un 91%.<\/p>\n\n\n\n<p>\u00abEstamos todos los d\u00edas haciendo todo lo posible para ir eliminando paulatinamente y seg\u00fan nuestras posibilidades\u2026 Entendemos la molestia de la gente. Sabemos lo odioso que son estos apagones\u00bb, afirm\u00f3 Abinader.<\/p>\n\n\n\n<p>El mandatario evit\u00f3 referirse a la petici\u00f3n de algunos legisladores de destituir al presidente del Consejo Unificado de las Empresas Distribuidoras de Electricidad (<strong>CUED<\/strong>),&nbsp;<strong>Celso Marranzini<\/strong>, por la crisis del sector.<\/p>\n\n\n\n<h3 class=\"wp-block-heading\">crisis en el sector<\/h3>\n\n\n\n<p>La crisis del sector el\u00e9ctrico ha desatado una serie de reclamos y<strong>&nbsp;protestas a escala nacional<\/strong>. La gente, de hecho, ya ha salido a las&nbsp;<strong>calles&nbsp;<\/strong>de algunas partes del pa\u00eds a quemar&nbsp;<strong>neum\u00e1ticos<\/strong>.<\/p>\n\n\n\n<p>Durante los \u00faltimos d\u00edas, usuarios en diversas regiones del pa\u00eds han reportado las constantes interrupciones del&nbsp;<strong>servicio el\u00e9ctrico<\/strong>, al tiempo que han exigido medidas inmediatas para terminar con esa situaci\u00f3n.<\/p>\n\n\n\n<p>El momento m\u00e1s inc\u00f3modo, seg\u00fan denuncias de usuarios por&nbsp;<strong>redes sociales,<\/strong>&nbsp;llega al caer la noche: la luz se va a la hora de dormir.<\/p>\n\n\n\n<p>La crisis del suministro de energ\u00eda se agudiz\u00f3 con la&nbsp;<strong>salida de operaci\u00f3n<\/strong>, la semana pasada, de una de las plantas de la<strong>&nbsp;Central Termoel\u00e9ctrica Punta Catalina<\/strong>, que ya entr\u00f3 en operaci\u00f3n el pasado lunes, luego de la visita a sus instalaciones del presidente Abinader.<\/p>\n\n\n\n<p><strong>Marranzini&nbsp;<\/strong>prometi\u00f3 que al cierre de este a\u00f1o el problema de los&nbsp;<strong>apagones&nbsp;<\/strong>va a estar subsanado completamente.<\/p>\n\n\n\n<p>Uno de los principales problemas del&nbsp;<strong>sector el\u00e9ctrico<\/strong>&nbsp;son las p\u00e9rdidas de energ\u00eda que han registrado durante a\u00f1os las Empresas de Distribuidoras de Electricidad (EDE).<\/p>\n\n\n\n<p>Asi lo exponen los datos oficiales: en los primeros cinco meses del a\u00f1o las EDE acumularon perdidas equivalentes al 41.7% del total de energ\u00eda comprada, seg\u00fan el Centro Regional de Estudios Econ\u00f3micos Sostenibles (CREES), que cit\u00f3 al Ministerio de Energ\u00eda y Minas.<\/p>\n","protected":false},"excerpt":{"rendered":"<p>La crisis del sector el\u00e9ctrico ha desatado una serie de reclamos y protestas a escala<\/p>\n","protected":false},"author":1,"featured_media":18611,"comment_status":"open","ping_status":"open","sticky":false,"template":"","format":"standard","meta":{"footnotes":""},"categories":[12],"tags":[],"class_list":["post-18610","post","type-post","status-publish","format-standard","has-post-thumbnail","hentry","category-nacionales"],"_links":{"self":[{"href":"https:\/\/samantharadionline.com\/index.php\/wp-json\/wp\/v2\/posts\/18610","targetHints":{"allow":["GET"]}}],"collection":[{"href":"https:\/\/samantharadionline.com\/index.php\/wp-json\/wp\/v2\/posts"}],"about":[{"href":"https:\/\/samantharadionline.com\/index.php\/wp-json\/wp\/v2\/types\/post"}],"author":[{"embeddable":true,"href":"https:\/\/samantharadionline.com\/index.php\/wp-json\/wp\/v2\/users\/1"}],"replies":[{"embeddable":true,"href":"https:\/\/samantharadionline.com\/index.php\/wp-json\/wp\/v2\/comments?post=18610"}],"version-history":[{"count":1,"href":"https:\/\/samantharadionline.com\/index.php\/wp-json\/wp\/v2\/posts\/18610\/revisions"}],"predecessor-version":[{"id":18612,"href":"https:\/\/samantharadionline.com\/index.php\/wp-json\/wp\/v2\/posts\/18610\/revisions\/18612"}],"wp:featuredmedia":[{"embeddable":true,"href":"https:\/\/samantharadionline.com\/index.php\/wp-json\/wp\/v2\/media\/18611"}],"wp:attachment":[{"href":"https:\/\/samantharadionline.com\/index.php\/wp-json\/wp\/v2\/media?parent=18610"}],"wp:term":[{"taxonomy":"category","embeddable":true,"href":"https:\/\/samantharadionline.com\/index.php\/wp-json\/wp\/v2\/categories?post=18610"},{"taxonomy":"post_tag","embeddable":true,"href":"https:\/\/samantharadionline.com\/index.php\/wp-json\/wp\/v2\/tags?post=18610"}],"curies":[{"name":"wp","href":"https:\/\/api.w.org\/{rel}","templated":true}]}}