{"id":18601,"date":"2025-08-21T09:27:56","date_gmt":"2025-08-21T13:27:56","guid":{"rendered":"https:\/\/samantharadionline.com\/?p=18601"},"modified":"2025-08-21T09:27:56","modified_gmt":"2025-08-21T13:27:56","slug":"recortan-tanda-extendida-para-abrir-cupos-escolar","status":"publish","type":"post","link":"https:\/\/samantharadionline.com\/index.php\/2025\/08\/21\/recortan-tanda-extendida-para-abrir-cupos-escolar\/","title":{"rendered":"Recortan tanda extendida para abrir cupos escolar"},"content":{"rendered":"\n<p class=\"has-medium-font-size\"><em>Escuelas de Santiago recortar\u00e1n jornada escolar extendida para prestar sus aulas a estudiantes de otros centros educativos<\/em><\/p>\n\n\n\n<figure class=\"wp-block-image\"><img decoding=\"async\" src=\"https:\/\/listindiario.com\/files\/image_60_60\/uploads\/2023\/06\/26\/6499fbe12926c.jpeg\" alt=\"Avatar del Ashley Mart\u00ednez\"\/><\/figure>\n\n\n\n<p><em>\u00a0<\/em>Ashley Mart\u00ednez,<strong> Santiago, RD\u00a0<\/strong><\/p>\n\n\n\n<p>Varias escuelas de Santiago Oeste tendr\u00e1n que sacrificar la jornada escolar extendida para sus estudiantes, con el fin de prestar sus aulas en la tanda vespertina a los alumnos de la<strong>&nbsp;Escuela Primaria Rafaela Jimini\u00e1n de Cruz,<\/strong>&nbsp;debido a que en este centro educativo todav\u00eda no se han iniciado los trabajos de intervenci\u00f3n de su infraestructura.<\/p>\n\n\n\n<p>Como soluci\u00f3n temporal ante el inicio del a\u00f1o escolar 2025-2026 que se aproxima, tres secciones de quinto grado y cuatro de sexto grado se impartir\u00e1n en siete aulas del&nbsp;<strong>Polit\u00e9cnico Ram\u00f3n Dubert Novo<\/strong>&nbsp;y los ni\u00f1os de pre-primario hasta cuarto grado y una sola secci\u00f3n de quinto, estar\u00e1n en la&nbsp;<strong>Escuela Primaria Rafael Ramos Mercado.<\/strong><\/p>\n\n\n\n<p>Ambos centros educativos de la demarcaci\u00f3n, que funcionaban anteriormente en jornada escolar extendida, recortar\u00e1n el horario hasta mediod\u00eda, e impartir\u00e1n la docencia a sus respectivos alumnos en la tanda matutina, para que los estudiantes de<strong>&nbsp;la Rafaela Jimini\u00e1n de Cruz puedan usar el plantel en las tardes.<\/strong><\/p>\n\n\n\n<p>Anteriormente,&nbsp;<strong>la Rafaela Jimini\u00e1n de Cruz<\/strong>&nbsp;impart\u00eda docencia en dos tandas, para darle cobertura a una matr\u00edcula de 944 estudiantes.<\/p>\n\n\n\n<p>Luego de que el centro educativo fuese cerrado por las autoridades del&nbsp;<strong>Ministerio de Educaci\u00f3n<\/strong>, debido a las condiciones estructurales del plantel que representaban gran riesgo para los estudiantes, docentes y el personal de apoyo y administrativo, l<strong>a matr\u00edcula baj\u00f3 a 850 estudiantes.<\/strong><\/p>\n\n\n\n<p>De estos, 94 estudiantes fueron sacados por sus tutores del centro educativo, algunos padres optaron por mover a sus hijos a colegios privados, mientras que otros a\u00fan siguen buscando cupos.<\/p>\n\n\n\n<p>El traslado de los estudiantes para otros centros en una sola tanda vespertina obligatoria, cuando antes funcionaban dos tandas, ha desatado adem\u00e1s, una gran necesidad y falta de docentes para iniciar el a\u00f1o escolar en la Rafaela Jimini\u00e1n de Cruz.<\/p>\n\n\n\n<p>Actualmente, la escuela necesitar\u00eda 26 docentes que pueda dar cobertura a las 26 secciones que funcionar\u00e1n en las dos otras escuelas y solo hay 12 maestros nombrados, que antes impart\u00edan las clases en la ma\u00f1ana a un grupo y en la tarde a otro grupo.&nbsp;<\/p>\n\n\n\n<h3 class=\"wp-block-heading\">desalojo de la escuela&nbsp;<\/h3>\n\n\n\n<p>El pasado 31 de mayo de 2025, unos 944 estudiantes de la Escuela Primaria Rafaela Jimini\u00e1n de Cruz, en Santiago Oeste, hab\u00edan perdido al menos una semana de docencia tras las autoridades del Ministerio de Educaci\u00f3n haberlos desalojado del plantel por las condiciones estructurales del mismo.<\/p>\n\n\n\n<p>Seg\u00fan explic\u00f3 en ese entonces, Jos\u00e9 Brito, presidente de la Asociaci\u00f3n Dominicana de Profesores (ADP) en esta demarcaci\u00f3n, tanto los alumnos como los maestros fueron sacados de manera inmediata del centro educativo, luego del Ministerio de Educaci\u00f3n (Minerd) realizar una evaluaci\u00f3n de la infraestructura escolar, determinando que corr\u00edan peligro.<\/p>\n\n\n\n<p>Brito indic\u00f3 que el origen de esta situaci\u00f3n, se remonta a hace alrededor de dos a\u00f1os, cuando un empleado estaba limpiando el patio trasero de la escuela, y descubri\u00f3 una parte de un s\u00f3tano debajo de la edificaci\u00f3n.<\/p>\n\n\n\n<p>Tras el hallazgo, fueron tomadas fotograf\u00edas y enviadas a Santo Domingo y las autoridades vinieron y evaluaron, pero en ese momento entendieron que todo estaba bien y que no hab\u00eda ning\u00fan peligro.<\/p>\n\n\n\n<p>Luego de lo sucedido en la tragedia del Jet Set el pasado 8 de abril, el&nbsp;<strong>Minerd<\/strong>&nbsp;puso mayor atenci\u00f3n a ese tipo de situaciones, seg\u00fan explic\u00f3 Brito, por lo que en el mes de mayo, una comisi\u00f3n del Minerd directamente de Santo Domingo, se present\u00f3 a evaluar la escuela, sin siquiera avisar a las autoridades de Santiago.<\/p>\n\n\n\n<p>En ese descenso, ordenaron el desalojo inmediato de los estudiantes, los maestros y el personal administrativo. \u201cNi siquiera los maestros podemos ir a las \u00e1reas de los ba\u00f1os en la parte de atr\u00e1s, porque puede pasar algo en cualquier momento\u201d, indica.<\/p>\n\n\n\n<p>En una conversaci\u00f3n sostenida este martes 19 de agosto de 2025 con el presidente de&nbsp;<strong>ADP en Santiago Oeste, Jos\u00e9 Brito,<\/strong>&nbsp;a menos de una semana para iniciar el a\u00f1o escolar 2025-2026, indic\u00f3 que todav\u00eda no se han iniciado los trabajos de remoci\u00f3n del centro educativo.<\/p>\n","protected":false},"excerpt":{"rendered":"<p>Escuelas de Santiago recortar\u00e1n jornada escolar extendida para prestar sus aulas a estudiantes de otros<\/p>\n","protected":false},"author":1,"featured_media":18602,"comment_status":"open","ping_status":"open","sticky":false,"template":"","format":"standard","meta":{"footnotes":""},"categories":[12],"tags":[],"class_list":["post-18601","post","type-post","status-publish","format-standard","has-post-thumbnail","hentry","category-nacionales"],"_links":{"self":[{"href":"https:\/\/samantharadionline.com\/index.php\/wp-json\/wp\/v2\/posts\/18601","targetHints":{"allow":["GET"]}}],"collection":[{"href":"https:\/\/samantharadionline.com\/index.php\/wp-json\/wp\/v2\/posts"}],"about":[{"href":"https:\/\/samantharadionline.com\/index.php\/wp-json\/wp\/v2\/types\/post"}],"author":[{"embeddable":true,"href":"https:\/\/samantharadionline.com\/index.php\/wp-json\/wp\/v2\/users\/1"}],"replies":[{"embeddable":true,"href":"https:\/\/samantharadionline.com\/index.php\/wp-json\/wp\/v2\/comments?post=18601"}],"version-history":[{"count":1,"href":"https:\/\/samantharadionline.com\/index.php\/wp-json\/wp\/v2\/posts\/18601\/revisions"}],"predecessor-version":[{"id":18603,"href":"https:\/\/samantharadionline.com\/index.php\/wp-json\/wp\/v2\/posts\/18601\/revisions\/18603"}],"wp:featuredmedia":[{"embeddable":true,"href":"https:\/\/samantharadionline.com\/index.php\/wp-json\/wp\/v2\/media\/18602"}],"wp:attachment":[{"href":"https:\/\/samantharadionline.com\/index.php\/wp-json\/wp\/v2\/media?parent=18601"}],"wp:term":[{"taxonomy":"category","embeddable":true,"href":"https:\/\/samantharadionline.com\/index.php\/wp-json\/wp\/v2\/categories?post=18601"},{"taxonomy":"post_tag","embeddable":true,"href":"https:\/\/samantharadionline.com\/index.php\/wp-json\/wp\/v2\/tags?post=18601"}],"curies":[{"name":"wp","href":"https:\/\/api.w.org\/{rel}","templated":true}]}}