{"id":18598,"date":"2025-08-21T09:23:13","date_gmt":"2025-08-21T13:23:13","guid":{"rendered":"https:\/\/samantharadionline.com\/?p=18598"},"modified":"2025-08-21T09:23:14","modified_gmt":"2025-08-21T13:23:14","slug":"gobierno-somete-al-congreso-proyecto-de-presupuesto-reformulado-2025","status":"publish","type":"post","link":"https:\/\/samantharadionline.com\/index.php\/2025\/08\/21\/gobierno-somete-al-congreso-proyecto-de-presupuesto-reformulado-2025\/","title":{"rendered":"Gobierno somete al Congreso proyecto de presupuesto reformulado 2025"},"content":{"rendered":"\n<p class=\"has-medium-font-size\"><em>La pieza incorpora un incremento del gasto de capital de 0.4% del PIB, para dinamizar la econom\u00eda.<\/em><\/p>\n\n\n\n<p>L.D., <strong>Santo Domingo, RD<\/strong><\/p>\n\n\n\n<p><strong>El Gobierno<\/strong>&nbsp;dominicano, a trav\u00e9s del Ministerio de Hacienda y Econom\u00eda, someti\u00f3 al Congreso Nacional el proyecto que&nbsp;<strong>modifica la Ley n\u00famero 80-24<\/strong>, que aprueba el&nbsp;<strong>Presupuesto General del Estado&nbsp;<\/strong>para el 2025.<\/p>\n\n\n\n<p>La iniciativa plantea la aplicaci\u00f3n de una&nbsp;<strong>pol\u00edtica fiscal contrac\u00edclica<\/strong>, orientada a mitigar los efectos de la coyuntura internacional y proteger el dinamismo de la econom\u00eda nacional, mediante un incremento en el gasto de capital, priorizando la inversi\u00f3n p\u00fablica como motor para impulsar la actividad econ\u00f3mica y promover un crecimiento sostenible.<\/p>\n\n\n\n<p>En total, los&nbsp;<strong>ingresos estimados para 2025<\/strong>&nbsp;ascienden a RD$1,277,364.7 millones, equivalentes al 16.0 % del producto interno bruto (PIB) proyectado.<\/p>\n\n\n\n<p><strong>En materia de gastos,<\/strong>&nbsp;se plantea un aumento neto de RD$69,740.2 millones (4.7 % m\u00e1s que lo aprobado inicialmente), con una expansi\u00f3n del 20 % en el<strong>&nbsp;gasto de capital<\/strong>, equivalente a RD$35,548.25 millones, es decir, 0.4 % del PIB.<\/p>\n\n\n\n<p>Estos recursos adicionales se destinar\u00e1n principalmente a&nbsp;<strong>proyectos de inversi\u00f3n p\u00fablica<\/strong>&nbsp;que estar\u00e1n a cargo del Ministerio de&nbsp;<strong>Obras P\u00fablicas<\/strong>&nbsp;y Comunicaciones, el Ministerio de la Vivienda, la Oficina para el Reordenamiento del Transporte (OPRET); el Instituto Nacional de Aguas Potables y Alcantarillados (INAPA); el Servicio Nacional de Salud (SNS); la Comisi\u00f3n Presidencial de Desarrollo Provincial y los gobiernos locales, entre otras instituciones.<\/p>\n\n\n\n<p>Asimismo, el incremento en el gasto incluye la atenci\u00f3n de&nbsp;<strong>prioridades en salud, seguridad nacional y programas sociales<\/strong>, adem\u00e1s de recursos adicionales para organismos constitucionales.<\/p>\n\n\n\n<p>Entre ellos, se destacan acciones para mejorar las condiciones de los&nbsp;<strong>centros de salud y apoyar la reforma policial<\/strong>.<\/p>\n\n\n\n<p>Como resultado,&nbsp;<strong>se proyecta un aumento del d\u00e9ficit fiscal, que pasar\u00e1 de 3.0 % a 3.47 % del PIB<\/strong>&nbsp;estimado para 2025. Sin embargo, este incremento ser\u00e1 financiado principalmente con excedentes de ejercicios presupuestarios anteriores, lo que asegura que no se generen presiones adicionales sobre la deuda p\u00fablica.<\/p>\n\n\n\n<p>Este proyecto garantiza el cumplimiento de la&nbsp;<strong>Regla Fiscal&nbsp;<\/strong>establecida en la Ley 35-24 de Responsabilidad Fiscal, asegurando que la expansi\u00f3n del gasto se realice de manera equilibrada, sin comprometer la sostenibilidad ni la estabilidad macroecon\u00f3mica.<\/p>\n","protected":false},"excerpt":{"rendered":"<p>La pieza incorpora un incremento del gasto de capital de 0.4% del PIB, para dinamizar<\/p>\n","protected":false},"author":1,"featured_media":18599,"comment_status":"open","ping_status":"open","sticky":false,"template":"","format":"standard","meta":{"footnotes":""},"categories":[12],"tags":[],"class_list":["post-18598","post","type-post","status-publish","format-standard","has-post-thumbnail","hentry","category-nacionales"],"_links":{"self":[{"href":"https:\/\/samantharadionline.com\/index.php\/wp-json\/wp\/v2\/posts\/18598","targetHints":{"allow":["GET"]}}],"collection":[{"href":"https:\/\/samantharadionline.com\/index.php\/wp-json\/wp\/v2\/posts"}],"about":[{"href":"https:\/\/samantharadionline.com\/index.php\/wp-json\/wp\/v2\/types\/post"}],"author":[{"embeddable":true,"href":"https:\/\/samantharadionline.com\/index.php\/wp-json\/wp\/v2\/users\/1"}],"replies":[{"embeddable":true,"href":"https:\/\/samantharadionline.com\/index.php\/wp-json\/wp\/v2\/comments?post=18598"}],"version-history":[{"count":1,"href":"https:\/\/samantharadionline.com\/index.php\/wp-json\/wp\/v2\/posts\/18598\/revisions"}],"predecessor-version":[{"id":18600,"href":"https:\/\/samantharadionline.com\/index.php\/wp-json\/wp\/v2\/posts\/18598\/revisions\/18600"}],"wp:featuredmedia":[{"embeddable":true,"href":"https:\/\/samantharadionline.com\/index.php\/wp-json\/wp\/v2\/media\/18599"}],"wp:attachment":[{"href":"https:\/\/samantharadionline.com\/index.php\/wp-json\/wp\/v2\/media?parent=18598"}],"wp:term":[{"taxonomy":"category","embeddable":true,"href":"https:\/\/samantharadionline.com\/index.php\/wp-json\/wp\/v2\/categories?post=18598"},{"taxonomy":"post_tag","embeddable":true,"href":"https:\/\/samantharadionline.com\/index.php\/wp-json\/wp\/v2\/tags?post=18598"}],"curies":[{"name":"wp","href":"https:\/\/api.w.org\/{rel}","templated":true}]}}