{"id":18595,"date":"2025-08-21T09:21:23","date_gmt":"2025-08-21T13:21:23","guid":{"rendered":"https:\/\/samantharadionline.com\/?p=18595"},"modified":"2025-08-21T09:21:24","modified_gmt":"2025-08-21T13:21:24","slug":"cmd-no-ha-priorizado-la-humanizacion-en-los-servicios-de-salud","status":"publish","type":"post","link":"https:\/\/samantharadionline.com\/index.php\/2025\/08\/21\/cmd-no-ha-priorizado-la-humanizacion-en-los-servicios-de-salud\/","title":{"rendered":"CMD no ha priorizado la humanizaci\u00f3n en los servicios de salud"},"content":{"rendered":"\n<p class=\"has-medium-font-size\"><em>Dijo que eso ocurre a pesar de que es un \u00f3rgano competente para asesorar en materia sanitaria al Estado dominicano, seg\u00fan la Ley 68-03, que crea el gremio<\/em><\/p>\n\n\n\n<p>Lizbeth Chalas, <strong>Santo Domingo, RD<\/strong><\/p>\n\n\n\n<p>El jefe de la Residencia de Cirug\u00eda Pl\u00e1stica, Est\u00e9tica y Reconstructiva del\u00a0<strong>Hospital Salvador B. Gautier<\/strong>, y expresidente del<strong>\u00a0Colegio M\u00e9dico Dominicano\u00a0<\/strong>(<strong>CMD<\/strong>),\u00a0<strong>doctor Severo Mercedes<\/strong>, asegur\u00f3 que en los \u00faltimos a\u00f1os el gremio m\u00e9dico no ha considerado el tema de la humanizaci\u00f3n de los servicios de salud.<\/p>\n\n\n\n<p>Dijo que eso ocurre a pesar de que es un \u00f3rgano competente para asesorar en materia sanitaria al Estado dominicano, seg\u00fan la&nbsp;<strong>Ley 68-03<\/strong>, que crea el gremio.<\/p>\n\n\n\n<p>\u201cEl Colegio M\u00e9dico Dominicano tiene una gran responsabilidad sobre todo para fortalecer la relaci\u00f3n m\u00e9dico paciente. Y en los \u00faltimos a\u00f1os el Colegio M\u00e9dico no ha tomado en consideraci\u00f3n la&nbsp;<strong>humanizaci\u00f3n&nbsp;<\/strong>de los servicios de salud, solo se han preocupado por los problemas de reajuste salarial, lo cual es una necesidad, pero no es lo m\u00e1s importante\u201d, expres\u00f3 el expresidente del gremio m\u00e9dico.<\/p>\n\n\n\n<p>Adem\u00e1s asegur\u00f3, que son muchas las quejas que se difunden a diario por los diferentes medios, por lo que entiende es necesario, estimular el fortalecimiento de la humanizaci\u00f3n de los servicios de salud en el pa\u00eds.<\/p>\n\n\n\n<figure class=\"wp-block-image\" id=\"m5715-5714-5716\"><img decoding=\"async\" src=\"https:\/\/listindiario.com\/files\/vertical_main_image\/uploads\/2025\/08\/20\/68a65f2b63e62.jpeg\" alt=\"Doctor Severo Mercedes.\"\/><figcaption class=\"wp-element-caption\">Doctor Severo Mercedes.Archivo\/LD<\/figcaption><\/figure>\n\n\n\n<p>\u201cNo todo se le puede dejar a las autoridades. Todos tenemos que contribuir, pero sobre todo, los que tenemos la responsabilidad de hacerlo y el Colegio M\u00e9dico Dominicano es un ente comprometido con trabajar la humanizaci\u00f3n de los servicios de salud en la Rep\u00fablica Dominicana\u201d, expres\u00f3.<\/p>\n\n\n\n<h3 class=\"wp-block-heading\">Rol universidades<\/h3>\n\n\n\n<p>Mercedes resalt\u00f3, adem\u00e1s, el rol de las universidades con relaci\u00f3n a este tema y sugiri\u00f3 incluir en el pensum la asignatura de derecho m\u00e9dico para trabajar la efectividad y evitar la rotura de la relaci\u00f3n m\u00e9dico paciente y familiares, que son parte del proceso de interrogatorio, entrevista y de la historia cl\u00ednica del enfermo.<\/p>\n\n\n\n<p>Asimismo, explic\u00f3 que el derecho m\u00e9dico es el puente de entendimiento entre la medicina y el derecho, el cual la considera como la herramienta principal que va a fortalecer la relaci\u00f3n m\u00e9dico-paciente y va a disminuir el por ciento de probabilidades de<strong>&nbsp;conflictos m\u00e9dico-legales<\/strong>&nbsp;que muchos de los cuales terminan judicializados a trav\u00e9s de demandas m\u00e9dicas.<\/p>\n\n\n\n<p>El doctor Severo Mercedes se refiri\u00f3 en esos t\u00e9rminos al saludar las publicaciones que sobre el tema de la humanizaci\u00f3n de la atenci\u00f3n m\u00e9dica lleva a cabo List\u00edn Diario, desde el pasado lunes, iniciando con un enfoque titulado \u201c<strong>Una atenci\u00f3n sin rostro humano<\/strong>\u201d.<\/p>\n\n\n\n<p>Dijo que con ello,&nbsp;<strong>List\u00edn Diario<\/strong>&nbsp;est\u00e1 haciendo un gran aporte al ejercicio de la medicina, a la relaci\u00f3n m\u00e9dico-paciente, y a que se mejore la calidad de la atenci\u00f3n a favor de los que buscan atenci\u00f3n m\u00e9dica.<\/p>\n\n\n\n<p><\/p>\n","protected":false},"excerpt":{"rendered":"<p>Dijo que eso ocurre a pesar de que es un \u00f3rgano competente para asesorar en<\/p>\n","protected":false},"author":1,"featured_media":18596,"comment_status":"open","ping_status":"open","sticky":false,"template":"","format":"standard","meta":{"footnotes":""},"categories":[12],"tags":[],"class_list":["post-18595","post","type-post","status-publish","format-standard","has-post-thumbnail","hentry","category-nacionales"],"_links":{"self":[{"href":"https:\/\/samantharadionline.com\/index.php\/wp-json\/wp\/v2\/posts\/18595","targetHints":{"allow":["GET"]}}],"collection":[{"href":"https:\/\/samantharadionline.com\/index.php\/wp-json\/wp\/v2\/posts"}],"about":[{"href":"https:\/\/samantharadionline.com\/index.php\/wp-json\/wp\/v2\/types\/post"}],"author":[{"embeddable":true,"href":"https:\/\/samantharadionline.com\/index.php\/wp-json\/wp\/v2\/users\/1"}],"replies":[{"embeddable":true,"href":"https:\/\/samantharadionline.com\/index.php\/wp-json\/wp\/v2\/comments?post=18595"}],"version-history":[{"count":1,"href":"https:\/\/samantharadionline.com\/index.php\/wp-json\/wp\/v2\/posts\/18595\/revisions"}],"predecessor-version":[{"id":18597,"href":"https:\/\/samantharadionline.com\/index.php\/wp-json\/wp\/v2\/posts\/18595\/revisions\/18597"}],"wp:featuredmedia":[{"embeddable":true,"href":"https:\/\/samantharadionline.com\/index.php\/wp-json\/wp\/v2\/media\/18596"}],"wp:attachment":[{"href":"https:\/\/samantharadionline.com\/index.php\/wp-json\/wp\/v2\/media?parent=18595"}],"wp:term":[{"taxonomy":"category","embeddable":true,"href":"https:\/\/samantharadionline.com\/index.php\/wp-json\/wp\/v2\/categories?post=18595"},{"taxonomy":"post_tag","embeddable":true,"href":"https:\/\/samantharadionline.com\/index.php\/wp-json\/wp\/v2\/tags?post=18595"}],"curies":[{"name":"wp","href":"https:\/\/api.w.org\/{rel}","templated":true}]}}