{"id":18526,"date":"2025-08-19T08:22:27","date_gmt":"2025-08-19T12:22:27","guid":{"rendered":"https:\/\/samantharadionline.com\/?p=18526"},"modified":"2025-08-19T08:22:28","modified_gmt":"2025-08-19T12:22:28","slug":"la-voz-tambien-se-construye-grecia-vidal-impulsa-un-espacio-para-fortalecer-la-oratoria-desde-cero","status":"publish","type":"post","link":"https:\/\/samantharadionline.com\/index.php\/2025\/08\/19\/la-voz-tambien-se-construye-grecia-vidal-impulsa-un-espacio-para-fortalecer-la-oratoria-desde-cero\/","title":{"rendered":"La voz tambi\u00e9n se construye: Grecia Vidal impulsa un espacio para fortalecer la oratoria desde cero"},"content":{"rendered":"\n<p class=\"has-medium-font-size\"><em>Grecia Vidal, locutora, maestra de ceremonias y creadora de contenido, impartir\u00e1 por primera vez un taller dise\u00f1ado para ayudar a principiantes a encontrar y proyectar su voz con seguridad.<\/em><\/p>\n\n\n\n<p><strong>Santo Domingo<\/strong>, <strong>R.D.<\/strong><\/p>\n\n\n\n<p>2025, El miedo a hablar en p\u00fablico es uno de los m\u00e1s<br>comunes, pero tambi\u00e9n uno de los m\u00e1s invisibles. Pensando en quienes han sentido alguna<br>vez ese nudo en la garganta, la voz temblorosa o el impulso de quedarse en silencio por<br>inseguridad, la comunicadora Grecia Vidal ha creado el taller \u201cVoz en Construcci\u00f3n\u201d, una<br>experiencia formativa dirigida a principiantes que buscan mejorar su oratoria y expresi\u00f3n<br>verbal desde un enfoque humano y accesible.<\/p>\n\n\n\n<p><br>\u201cVoz en Construcci\u00f3n\u201d se realizar\u00e1 el pr\u00f3ximo viernes 23 de agosto a las 9:30 AM en Torre B<br>PIISA, L\u00f3pez de Vega, y est\u00e1 pensado como un espacio seguro donde las personas puedan<br>reconocer su potencial comunicativo y fortalecer su presencia esc\u00e9nica, sin importar si<br>nunca antes han tomado un micr\u00f3fono.<\/p>\n\n\n\n<p><br>Grecia Vidal es locutora certificada, maestra de ceremonias, voice over y creadora de<br>contenido digital. Ha sido reconocida por plataformas como Bazar de Emprendedores, Gala<br>Joven, e Historias que Inspirar\u00e1n RD, y ha trabajado como voz en emisoras como Exa 96.9<br>FM, as\u00ed como en diversos programas de radio y televisi\u00f3n.<br>Para ella, este taller no es solo una clase: es el resultado de a\u00f1os de experiencia en<br>medios, combinados con su deseo de devolver lo aprendido. \u201cLa oratoria no es solo para<br>l\u00edderes o conferencistas. Hablar bien en p\u00fablico sirve para presentarte en una entrevista de<br>trabajo, para dar clases, para vender una idea o simplemente para expresar lo que sientes<br>con claridad y confianza\u201d, explica.<\/p>\n\n\n\n<p><br>El enfoque del taller estar\u00e1 en t\u00e9cnicas b\u00e1sicas de expresi\u00f3n oral, control de nervios,<br>proyecci\u00f3n de voz y postura esc\u00e9nica, pero tambi\u00e9n en el desbloqueo emocional que<br>muchas veces impide a las personas hablar con libertad.<\/p>\n\n\n\n<p><br>Grecia afirma que este primer taller ser\u00e1 el inicio de un ciclo donde m\u00e1s personas puedan<br>aprender a construir su voz sin juicio, sin perfeccionismo y con prop\u00f3sito.<\/p>\n","protected":false},"excerpt":{"rendered":"<p>Grecia Vidal, locutora, maestra de ceremonias y creadora de contenido, impartir\u00e1 por primera vez un<\/p>\n","protected":false},"author":1,"featured_media":18527,"comment_status":"open","ping_status":"open","sticky":false,"template":"","format":"standard","meta":{"footnotes":""},"categories":[11],"tags":[],"class_list":["post-18526","post","type-post","status-publish","format-standard","has-post-thumbnail","hentry","category-entretenimiento"],"_links":{"self":[{"href":"https:\/\/samantharadionline.com\/index.php\/wp-json\/wp\/v2\/posts\/18526","targetHints":{"allow":["GET"]}}],"collection":[{"href":"https:\/\/samantharadionline.com\/index.php\/wp-json\/wp\/v2\/posts"}],"about":[{"href":"https:\/\/samantharadionline.com\/index.php\/wp-json\/wp\/v2\/types\/post"}],"author":[{"embeddable":true,"href":"https:\/\/samantharadionline.com\/index.php\/wp-json\/wp\/v2\/users\/1"}],"replies":[{"embeddable":true,"href":"https:\/\/samantharadionline.com\/index.php\/wp-json\/wp\/v2\/comments?post=18526"}],"version-history":[{"count":1,"href":"https:\/\/samantharadionline.com\/index.php\/wp-json\/wp\/v2\/posts\/18526\/revisions"}],"predecessor-version":[{"id":18528,"href":"https:\/\/samantharadionline.com\/index.php\/wp-json\/wp\/v2\/posts\/18526\/revisions\/18528"}],"wp:featuredmedia":[{"embeddable":true,"href":"https:\/\/samantharadionline.com\/index.php\/wp-json\/wp\/v2\/media\/18527"}],"wp:attachment":[{"href":"https:\/\/samantharadionline.com\/index.php\/wp-json\/wp\/v2\/media?parent=18526"}],"wp:term":[{"taxonomy":"category","embeddable":true,"href":"https:\/\/samantharadionline.com\/index.php\/wp-json\/wp\/v2\/categories?post=18526"},{"taxonomy":"post_tag","embeddable":true,"href":"https:\/\/samantharadionline.com\/index.php\/wp-json\/wp\/v2\/tags?post=18526"}],"curies":[{"name":"wp","href":"https:\/\/api.w.org\/{rel}","templated":true}]}}