{"id":18523,"date":"2025-08-18T16:22:59","date_gmt":"2025-08-18T20:22:59","guid":{"rendered":"https:\/\/samantharadionline.com\/?p=18523"},"modified":"2025-08-18T16:23:00","modified_gmt":"2025-08-18T20:23:00","slug":"apresan-pareja-de-esposos-por-la-muerte-de-una-nina-de-7-anos-que-el-sector-los-guandules","status":"publish","type":"post","link":"https:\/\/samantharadionline.com\/index.php\/2025\/08\/18\/apresan-pareja-de-esposos-por-la-muerte-de-una-nina-de-7-anos-que-el-sector-los-guandules\/","title":{"rendered":"Apresan pareja de esposos por la muerte de una ni\u00f1a de 7 a\u00f1os que el sector Los Guandules"},"content":{"rendered":"\n<p class=\"has-medium-font-size\"><em>Los detenidos fueron identificados como Yokeiry Coronado de la Cruz, tutora de la menor, y su compa\u00f1ero sentimental Jeider Montero Medina<\/em><\/p>\n\n\n\n<p>L.D., <strong>Santo Domingo, RD<\/strong><\/p>\n\n\n\n<p>Agentes de la&nbsp;<strong>Polic\u00eda Nacional<\/strong>, adscritos al&nbsp;<strong>Departamento de Investigaci\u00f3n de Delitos Contra las Personas<\/strong>&nbsp;(Homicidios), apresaron anoche a un hombre y una mujer se\u00f1alados se\u00f1alados como responsables de la&nbsp;<strong>muerte de una ni\u00f1a de 7 a\u00f1os<\/strong>.<\/p>\n\n\n\n<p>La infante presenta m\u00faltiples signos de maltratos f\u00edsicos y de barbarie, los cuales recibi\u00f3 mientras permanec\u00eda bajo custodia de la pareja en una residencia del sector&nbsp;<strong>Los Guandules<\/strong>, del Distrito Nacional.<\/p>\n\n\n\n<p>Los detenidos fueron identificados como&nbsp;<strong>Yokeiry Coronado de la Cruz,<\/strong>&nbsp;de 33 a\u00f1os, tutora de la menor, y su compa\u00f1ero sentimental&nbsp;<strong>Jeider Montero Medina<\/strong>, de 36 a\u00f1os.<\/p>\n\n\n\n<p>De acuerdo con el reporte preliminar, la ni\u00f1a hab\u00eda sido entregada en custodia a Coronado de la Cruz por su madre biol\u00f3gica, hace aproximadamente cinco meses.<\/p>\n\n\n\n<p>El acta preliminar de levantamiento de&nbsp;<strong>cad\u00e1ver<\/strong>, emitida por el m\u00e9dico legista, certifica que la causa de muerte fue&nbsp;<strong>maltrato infantil<\/strong>, tras comprobar que el cuerpo presentaba golpes contusos, quemaduras y laceraciones en distintas partes.<\/p>\n\n\n\n<p>La Polic\u00eda dice que las entrevistas, Montero Medina declar\u00f3 que su esposa hab\u00eda iniciado el maltrato progresivo hacia la menor hace unos dos meses y medio, los cuales eran cada d\u00eda m\u00e1s severos.<\/p>\n\n\n\n<p>En la fase inicial de las investigaciones, los agentes policiales, en coordinaci\u00f3n con el&nbsp;<strong>Ministerio P\u00fablico<\/strong>, levantaron diversas evidencias, algunas localizadas en tel\u00e9fonos celulares.<\/p>\n\n\n\n<p>Vecinos del sector informaron que en d\u00edas previos notaron actitudes sospechosas, ya que la tutora no permit\u00eda que nadie viera a la ni\u00f1a.<\/p>\n\n\n\n<p>El cuerpo de la ni\u00f1a fue trasladado al&nbsp;<strong>Instituto Nacional de Ciencias Forenses&nbsp;<\/strong>(Inacif) para los estudios correspondientes.<\/p>\n\n\n\n<p>Los detenidos quedaron bajo control del Ministerio P\u00fablico, para los fines legales pertinentes.<\/p>\n","protected":false},"excerpt":{"rendered":"<p>Los detenidos fueron identificados como Yokeiry Coronado de la Cruz, tutora de la menor, y<\/p>\n","protected":false},"author":1,"featured_media":18524,"comment_status":"open","ping_status":"open","sticky":false,"template":"","format":"standard","meta":{"footnotes":""},"categories":[12],"tags":[],"class_list":["post-18523","post","type-post","status-publish","format-standard","has-post-thumbnail","hentry","category-nacionales"],"_links":{"self":[{"href":"https:\/\/samantharadionline.com\/index.php\/wp-json\/wp\/v2\/posts\/18523","targetHints":{"allow":["GET"]}}],"collection":[{"href":"https:\/\/samantharadionline.com\/index.php\/wp-json\/wp\/v2\/posts"}],"about":[{"href":"https:\/\/samantharadionline.com\/index.php\/wp-json\/wp\/v2\/types\/post"}],"author":[{"embeddable":true,"href":"https:\/\/samantharadionline.com\/index.php\/wp-json\/wp\/v2\/users\/1"}],"replies":[{"embeddable":true,"href":"https:\/\/samantharadionline.com\/index.php\/wp-json\/wp\/v2\/comments?post=18523"}],"version-history":[{"count":1,"href":"https:\/\/samantharadionline.com\/index.php\/wp-json\/wp\/v2\/posts\/18523\/revisions"}],"predecessor-version":[{"id":18525,"href":"https:\/\/samantharadionline.com\/index.php\/wp-json\/wp\/v2\/posts\/18523\/revisions\/18525"}],"wp:featuredmedia":[{"embeddable":true,"href":"https:\/\/samantharadionline.com\/index.php\/wp-json\/wp\/v2\/media\/18524"}],"wp:attachment":[{"href":"https:\/\/samantharadionline.com\/index.php\/wp-json\/wp\/v2\/media?parent=18523"}],"wp:term":[{"taxonomy":"category","embeddable":true,"href":"https:\/\/samantharadionline.com\/index.php\/wp-json\/wp\/v2\/categories?post=18523"},{"taxonomy":"post_tag","embeddable":true,"href":"https:\/\/samantharadionline.com\/index.php\/wp-json\/wp\/v2\/tags?post=18523"}],"curies":[{"name":"wp","href":"https:\/\/api.w.org\/{rel}","templated":true}]}}