{"id":18516,"date":"2025-08-18T16:17:16","date_gmt":"2025-08-18T20:17:16","guid":{"rendered":"https:\/\/samantharadionline.com\/?p=18516"},"modified":"2025-08-18T16:17:17","modified_gmt":"2025-08-18T20:17:17","slug":"leonardo-aguilera-el-nuevo-presidente-de-banreservas","status":"publish","type":"post","link":"https:\/\/samantharadionline.com\/index.php\/2025\/08\/18\/leonardo-aguilera-el-nuevo-presidente-de-banreservas\/","title":{"rendered":"Leonardo Aguilera, el nuevo presidente de Banreservas"},"content":{"rendered":"\n<p class=\"has-medium-font-size\"><em>\u00a0Aguilera es catedr\u00e1tico, asesor econ\u00f3mico y consultor pol\u00edtico. Fung\u00eda desde 2020 como presidente ejecutivo de la Refiner\u00eda Dominicana de Petr\u00f3leo\u00a0<\/em><\/p>\n\n\n\n<p>L.D., <strong>Santo Domingo ,RD<\/strong><\/p>\n\n\n\n<p>A trav\u00e9s del\u00a0<strong>decreto 461-25<\/strong>, el presidente\u00a0<strong>Luis Abinader<\/strong>\u00a0design\u00f3 a\u00a0<strong>Leonardo Aguilera Batista<\/strong>\u00a0como presidente ejecutivo del\u00a0<strong>Banco de Reservas\u00a0<\/strong>de la Rep\u00fablica Dominicana, en sustituci\u00f3n de\u00a0<strong>Samuel Pereyra<\/strong>.<\/p>\n\n\n\n<p>Aguilera fung\u00eda desde 2020 como presidente ejecutivo de la<strong>&nbsp;Refiner\u00eda Dominicana de Petr\u00f3leo<\/strong>&nbsp;(<strong>Refidomsa<\/strong>), lugar que ahora ser\u00e1 encabezado por&nbsp; Pereyra.<\/p>\n\n\n\n<p>Aguilera es catedr\u00e1tico, asesor econ\u00f3mico y consultor pol\u00edtico, con m\u00e1s de tres d\u00e9cadas de trayectoria como presidente fundador del&nbsp;<strong>Centro Econ\u00f3mico del Cibao&nbsp;<\/strong>(CEC).<\/p>\n\n\n\n<p><strong>Lea tambi\u00e9n<\/strong><\/p>\n\n\n\n<p>Es economista graduado del Instituto de Econom\u00eda Nacional Odessa, donde tambi\u00e9n realiz\u00f3 una especialidad en planificaci\u00f3n y un doctorado en econom\u00eda.<\/p>\n\n\n\n<p>Ha sido consultor en Rep\u00fablica Dominicana, M\u00e9xico,&nbsp;<strong>Hait\u00ed&nbsp;<\/strong>y El Salvador, y miembro de la Asociaci\u00f3n Latinoamericana de Consultores Pol\u00edticos (ALACOP).<\/p>\n\n\n\n<p>Es autor de m\u00faltiples obras sobre econom\u00eda y pol\u00edtica, como Dise\u00f1o y Pr\u00e1cticas de campa\u00f1a, Econom\u00eda dominicana y el nivel de la tasa de Cambio, Econom\u00eda y Pol\u00edtica Econ\u00f3mica y Coyuntura econ\u00f3mica.<\/p>\n\n\n\n<p>Tambi\u00e9n posee estudios especializados en Econom\u00eda y Pol\u00edtica en la URSS y en la Universidad Aut\u00f3noma de Santo Domingo.<\/p>\n\n\n\n<p>Ha sido docente por m\u00e1s de 20 a\u00f1os en la Universidad Cooperativa de Colombia, Universidad Aut\u00f3noma de Bucaramanga, Universidad Tecnol\u00f3gica de Santiago (Utesa) y en la Pontificia Universidad Cat\u00f3lica Madre y Maestra (PUCMM).<\/p>\n\n\n\n<p>Este lunes fue juramentado por la vicepresidenta de la Rep\u00fablica&nbsp;<strong>Raquel Pe\u00f1a<\/strong>. Al presidir el traspaso de mando, la vicepresidenta expres\u00f3 que la transferencia en la importante posici\u00f3n se produce \u201cpara que el banco siga siendo el orgullo de todos los dominicanos\u201d.<\/p>\n\n\n\n<p>Aguilera agradeci\u00f3 la confianza depositada por el&nbsp;<strong>presidente Abinader&nbsp;<\/strong>para dirigir la instituci\u00f3n financiera, al igual que lo hab\u00eda hecho desde 2020, cuando lo design\u00f3 en&nbsp;<strong>Refidomsa<\/strong>, instituci\u00f3n que lider\u00f3 hasta la fecha.<\/p>\n","protected":false},"excerpt":{"rendered":"<p>\u00a0Aguilera es catedr\u00e1tico, asesor econ\u00f3mico y consultor pol\u00edtico. Fung\u00eda desde 2020 como presidente ejecutivo de<\/p>\n","protected":false},"author":1,"featured_media":18517,"comment_status":"open","ping_status":"open","sticky":false,"template":"","format":"standard","meta":{"footnotes":""},"categories":[10],"tags":[],"class_list":["post-18516","post","type-post","status-publish","format-standard","has-post-thumbnail","hentry","category-economica"],"_links":{"self":[{"href":"https:\/\/samantharadionline.com\/index.php\/wp-json\/wp\/v2\/posts\/18516","targetHints":{"allow":["GET"]}}],"collection":[{"href":"https:\/\/samantharadionline.com\/index.php\/wp-json\/wp\/v2\/posts"}],"about":[{"href":"https:\/\/samantharadionline.com\/index.php\/wp-json\/wp\/v2\/types\/post"}],"author":[{"embeddable":true,"href":"https:\/\/samantharadionline.com\/index.php\/wp-json\/wp\/v2\/users\/1"}],"replies":[{"embeddable":true,"href":"https:\/\/samantharadionline.com\/index.php\/wp-json\/wp\/v2\/comments?post=18516"}],"version-history":[{"count":1,"href":"https:\/\/samantharadionline.com\/index.php\/wp-json\/wp\/v2\/posts\/18516\/revisions"}],"predecessor-version":[{"id":18518,"href":"https:\/\/samantharadionline.com\/index.php\/wp-json\/wp\/v2\/posts\/18516\/revisions\/18518"}],"wp:featuredmedia":[{"embeddable":true,"href":"https:\/\/samantharadionline.com\/index.php\/wp-json\/wp\/v2\/media\/18517"}],"wp:attachment":[{"href":"https:\/\/samantharadionline.com\/index.php\/wp-json\/wp\/v2\/media?parent=18516"}],"wp:term":[{"taxonomy":"category","embeddable":true,"href":"https:\/\/samantharadionline.com\/index.php\/wp-json\/wp\/v2\/categories?post=18516"},{"taxonomy":"post_tag","embeddable":true,"href":"https:\/\/samantharadionline.com\/index.php\/wp-json\/wp\/v2\/tags?post=18516"}],"curies":[{"name":"wp","href":"https:\/\/api.w.org\/{rel}","templated":true}]}}