{"id":18513,"date":"2025-08-18T16:13:54","date_gmt":"2025-08-18T20:13:54","guid":{"rendered":"https:\/\/samantharadionline.com\/?p=18513"},"modified":"2025-08-18T16:14:39","modified_gmt":"2025-08-18T20:14:39","slug":"punta-catalina-salio-de-operacion-por-obstruccion-de-sargazo","status":"publish","type":"post","link":"https:\/\/samantharadionline.com\/index.php\/2025\/08\/18\/punta-catalina-salio-de-operacion-por-obstruccion-de-sargazo\/","title":{"rendered":"Punta Catalina sali\u00f3 de operaci\u00f3n por obstrucci\u00f3n de sargazo"},"content":{"rendered":"\n<p class=\"has-medium-font-size\"><em>Durante la semana, la unidad 2 de Punta Catalina sufri\u00f3 un pinche en la caldera que oblig\u00f3 a sacarla del Sistema El\u00e9ctrico Nacional Interconectado<\/em><\/p>\n\n\n\n<p><br><strong>Santo Domingo, RD.\u00a0<\/strong><\/p>\n\n\n\n<p>La empresa de<strong>&nbsp;generaci\u00f3n el\u00e9ctrica Punta Catalina<\/strong>&nbsp;inform\u00f3 la salida de operaci\u00f3n de la&nbsp;<strong>Unidad 1 de la termoel\u00e9ctrica<\/strong>, debido a la obstrucci\u00f3n de&nbsp;<strong>sargazo&nbsp;<\/strong>que produjo poca circulaci\u00f3n de agua en el \u201cintake\u201d.<\/p>\n\n\n\n<p>\u201cSiendo las 6:25 a. m. de hoy lunes 18 de agosto de 2025, la Unidad No. 1 de la\u00a0<strong>Central Termoel\u00e9ctrica Punta Catalina<\/strong>\u00a0sali\u00f3 de operaci\u00f3n debido a un bajo nivel de agua de circulaci\u00f3n en el\u00a0<strong>intake\u00a0<\/strong>(toma de agua), ocasionado por una obstrucci\u00f3n de sargazo que lleg\u00f3 de manera repentina a la central, producto del mal tiempo generado por el\u00a0hurac\u00e1n Erin\u201d, escribi\u00f3 la entidad en un comunicado en las redes.<\/p>\n\n\n\n<p>A pesar de la situaci\u00f3n, informaron que aunque la salida de la unidad sigue \u201csin generar d\u00e9ficit en el sistema\u201d.<\/p>\n\n\n\n<p>Durante la semana, la<strong>&nbsp;unidad 2 de Punta Catalina<\/strong>&nbsp;sufri\u00f3 un pinche en la caldera que oblig\u00f3 a sacarla del&nbsp;<strong>Sistema El\u00e9ctrico Nacional Interconectado (SENI)<\/strong>, generando m\u00faltiples apagones y como consecuencia descontento en la sociedad.<\/p>\n\n\n\n<figure class=\"wp-block-image size-full\"><img loading=\"lazy\" decoding=\"async\" width=\"702\" height=\"662\" src=\"https:\/\/samantharadionline.com\/wp-content\/uploads\/2025\/08\/image-6.png\" alt=\"\" class=\"wp-image-18514\" srcset=\"https:\/\/samantharadionline.com\/wp-content\/uploads\/2025\/08\/image-6.png 702w, https:\/\/samantharadionline.com\/wp-content\/uploads\/2025\/08\/image-6-300x283.png 300w\" sizes=\"auto, (max-width: 702px) 100vw, 702px\" \/><\/figure>\n\n\n\n<p>Ante la situaci\u00f3n, el<strong>&nbsp;presidente Luis Abinader&nbsp;<\/strong>acudi\u00f3 a la planta el s\u00e1bado y pidi\u00f3 perd\u00f3n a la poblaci\u00f3n por la situaci\u00f3n.<\/p>\n\n\n\n<p>Horas despu\u00e9s la&nbsp;<strong>Termoel\u00e9ctrica&nbsp;<\/strong>anunci\u00f3 que la situaci\u00f3n se hab\u00eda corregido, aunque la ciudadan\u00eda contin\u00faa reportando apagones durante todo el fin de semana.&nbsp;<\/p>\n","protected":false},"excerpt":{"rendered":"<p>Durante la semana, la unidad 2 de Punta Catalina sufri\u00f3 un pinche en la caldera<\/p>\n","protected":false},"author":1,"featured_media":0,"comment_status":"open","ping_status":"open","sticky":false,"template":"","format":"standard","meta":{"footnotes":""},"categories":[10],"tags":[],"class_list":["post-18513","post","type-post","status-publish","format-standard","hentry","category-economica"],"_links":{"self":[{"href":"https:\/\/samantharadionline.com\/index.php\/wp-json\/wp\/v2\/posts\/18513","targetHints":{"allow":["GET"]}}],"collection":[{"href":"https:\/\/samantharadionline.com\/index.php\/wp-json\/wp\/v2\/posts"}],"about":[{"href":"https:\/\/samantharadionline.com\/index.php\/wp-json\/wp\/v2\/types\/post"}],"author":[{"embeddable":true,"href":"https:\/\/samantharadionline.com\/index.php\/wp-json\/wp\/v2\/users\/1"}],"replies":[{"embeddable":true,"href":"https:\/\/samantharadionline.com\/index.php\/wp-json\/wp\/v2\/comments?post=18513"}],"version-history":[{"count":1,"href":"https:\/\/samantharadionline.com\/index.php\/wp-json\/wp\/v2\/posts\/18513\/revisions"}],"predecessor-version":[{"id":18515,"href":"https:\/\/samantharadionline.com\/index.php\/wp-json\/wp\/v2\/posts\/18513\/revisions\/18515"}],"wp:attachment":[{"href":"https:\/\/samantharadionline.com\/index.php\/wp-json\/wp\/v2\/media?parent=18513"}],"wp:term":[{"taxonomy":"category","embeddable":true,"href":"https:\/\/samantharadionline.com\/index.php\/wp-json\/wp\/v2\/categories?post=18513"},{"taxonomy":"post_tag","embeddable":true,"href":"https:\/\/samantharadionline.com\/index.php\/wp-json\/wp\/v2\/tags?post=18513"}],"curies":[{"name":"wp","href":"https:\/\/api.w.org\/{rel}","templated":true}]}}