{"id":18509,"date":"2025-08-18T16:11:26","date_gmt":"2025-08-18T20:11:26","guid":{"rendered":"https:\/\/samantharadionline.com\/?p=18509"},"modified":"2025-08-18T16:11:27","modified_gmt":"2025-08-18T20:11:27","slug":"se-incendia-catamaran-por-un-rayo-en-la-bahia-de-luperon","status":"publish","type":"post","link":"https:\/\/samantharadionline.com\/index.php\/2025\/08\/18\/se-incendia-catamaran-por-un-rayo-en-la-bahia-de-luperon\/","title":{"rendered":"Se incendia catamar\u00e1n por un rayo en la bah\u00eda de Luper\u00f3n"},"content":{"rendered":"\n<p class=\"has-medium-font-size\"><em>Un rayo producto de una tormenta el\u00e9ctrica impact\u00f3 e incendi\u00f3 por completo un catamar\u00e1n que se encontraba fondeado en la bah\u00eda de Luper\u00f3n<\/em><\/p>\n\n\n\n<figure class=\"wp-block-image\"><img decoding=\"async\" src=\"https:\/\/listindiario.com\/files\/image_60_60\/uploads\/2023\/06\/26\/6499fbe12926c.jpeg\" alt=\"Avatar del Ashley Mart\u00ednez\"\/><\/figure>\n\n\n\n<p><em>\u00a0<\/em>Ashley Mart\u00ednez, <strong>Puerto Plata, RD<\/strong><\/p>\n\n\n\n<p>A las 2:22 de la madrugada de este lunes, un rayo producto de una&nbsp;<strong>tormenta el\u00e9ctrica<\/strong>&nbsp;impact\u00f3 e incendi\u00f3 por completo un catamar\u00e1n que se encontraba fondeado en la&nbsp;<strong>bah\u00eda de Luper\u00f3n<\/strong>, en la provincia de&nbsp;<strong>Puerto Plata<\/strong>.<\/p>\n\n\n\n<p>Para sofocar el incendio se necesit\u00f3 la intervenci\u00f3n de distintos cuerpos de bomberos de la provincia de<strong>&nbsp;Puerto Plata<\/strong>, as\u00ed como la colaboraci\u00f3n de la&nbsp;<strong>Defensa Civil&nbsp;<\/strong>y la&nbsp;<strong>Marina de Guerra<\/strong>.<\/p>\n\n\n\n<p>Para las 11:00 de la ma\u00f1ana de este lunes, cuando periodistas de&nbsp;<strong>List\u00edn Diario&nbsp;<\/strong>se comunicaron con los bomberos de Luper\u00f3n, todav\u00eda se encontraban al menos 45 bomberos, que tambi\u00e9n proven\u00edan de&nbsp;<strong>Puerto Plata<\/strong>&nbsp;(municipio cabecera),&nbsp;<strong>Altamira, Imbert&nbsp;<\/strong>y<strong>&nbsp;Maim\u00f3n.<\/strong><\/p>\n\n\n\n<figure class=\"wp-block-image\" id=\"m38680-38679-38681\"><img decoding=\"async\" src=\"https:\/\/listindiario.com\/files\/vertical_main_image\/uploads\/2025\/08\/18\/68a350932c743.jpeg\" alt=\"Catamar\u00e1n en la bah\u00eda de Luper\u00f3n, en la provincia de Puerto Plata, se incendia producto a un rayo.\"\/><figcaption class=\"wp-element-caption\">Catamar\u00e1n en la bah\u00eda de Luper\u00f3n, en la provincia de Puerto Plata, se incendia producto a un rayo.Fuente Externa<\/figcaption><\/figure>\n\n\n\n<p>El<strong>&nbsp;barco de lujo,&nbsp;<\/strong>propiedad del empresario santiaguero Fernando Capell\u00e1n, est\u00e1 fabricado en fibra de vidrio y madera, por lo que ha tomado tanto tiempo en ser sofocado por completo. Adem\u00e1s del tama\u00f1o del mismo, que mide aproximadamente unos 73 pies de largo y m\u00e1s de 30 pies de altura, y llevaba el nombre de \u201c<strong>El Capi IV<\/strong>\u201d.<\/p>\n\n\n\n<p>De acuerdo al Intendente del Cuerpo de Bomberos de Luper\u00f3n, Eduardo Rainieris Brito Gonzales, no hubo heridos ni da\u00f1os medioambientales, solo materiales.<\/p>\n\n\n\n<figure class=\"wp-block-image size-full\"><img loading=\"lazy\" decoding=\"async\" width=\"679\" height=\"776\" src=\"https:\/\/samantharadionline.com\/wp-content\/uploads\/2025\/08\/image-5.png\" alt=\"\" class=\"wp-image-18510\" srcset=\"https:\/\/samantharadionline.com\/wp-content\/uploads\/2025\/08\/image-5.png 679w, https:\/\/samantharadionline.com\/wp-content\/uploads\/2025\/08\/image-5-263x300.png 263w\" sizes=\"auto, (max-width: 679px) 100vw, 679px\" \/><\/figure>\n","protected":false},"excerpt":{"rendered":"<p>Un rayo producto de una tormenta el\u00e9ctrica impact\u00f3 e incendi\u00f3 por completo un catamar\u00e1n que<\/p>\n","protected":false},"author":1,"featured_media":18511,"comment_status":"open","ping_status":"open","sticky":false,"template":"","format":"standard","meta":{"footnotes":""},"categories":[12],"tags":[],"class_list":["post-18509","post","type-post","status-publish","format-standard","has-post-thumbnail","hentry","category-nacionales"],"_links":{"self":[{"href":"https:\/\/samantharadionline.com\/index.php\/wp-json\/wp\/v2\/posts\/18509","targetHints":{"allow":["GET"]}}],"collection":[{"href":"https:\/\/samantharadionline.com\/index.php\/wp-json\/wp\/v2\/posts"}],"about":[{"href":"https:\/\/samantharadionline.com\/index.php\/wp-json\/wp\/v2\/types\/post"}],"author":[{"embeddable":true,"href":"https:\/\/samantharadionline.com\/index.php\/wp-json\/wp\/v2\/users\/1"}],"replies":[{"embeddable":true,"href":"https:\/\/samantharadionline.com\/index.php\/wp-json\/wp\/v2\/comments?post=18509"}],"version-history":[{"count":1,"href":"https:\/\/samantharadionline.com\/index.php\/wp-json\/wp\/v2\/posts\/18509\/revisions"}],"predecessor-version":[{"id":18512,"href":"https:\/\/samantharadionline.com\/index.php\/wp-json\/wp\/v2\/posts\/18509\/revisions\/18512"}],"wp:featuredmedia":[{"embeddable":true,"href":"https:\/\/samantharadionline.com\/index.php\/wp-json\/wp\/v2\/media\/18511"}],"wp:attachment":[{"href":"https:\/\/samantharadionline.com\/index.php\/wp-json\/wp\/v2\/media?parent=18509"}],"wp:term":[{"taxonomy":"category","embeddable":true,"href":"https:\/\/samantharadionline.com\/index.php\/wp-json\/wp\/v2\/categories?post=18509"},{"taxonomy":"post_tag","embeddable":true,"href":"https:\/\/samantharadionline.com\/index.php\/wp-json\/wp\/v2\/tags?post=18509"}],"curies":[{"name":"wp","href":"https:\/\/api.w.org\/{rel}","templated":true}]}}