{"id":18506,"date":"2025-08-18T16:07:39","date_gmt":"2025-08-18T20:07:39","guid":{"rendered":"https:\/\/samantharadionline.com\/?p=18506"},"modified":"2025-08-18T16:07:40","modified_gmt":"2025-08-18T20:07:40","slug":"suspenden-38-registros-de-proveedores-del-estado-vinculados-a-funcionarios","status":"publish","type":"post","link":"https:\/\/samantharadionline.com\/index.php\/2025\/08\/18\/suspenden-38-registros-de-proveedores-del-estado-vinculados-a-funcionarios\/","title":{"rendered":"Suspenden 38 registros de proveedores del Estado vinculados a funcionarios"},"content":{"rendered":"\n<p class=\"has-medium-font-size\"><em>Seg\u00fan se inform\u00f3 a trav\u00e9s de un comunicado de prensa, entre los registros suspendidos figuran ministros, viceministros, directores, subdirectores, consultores jur\u00eddicos, intendentes, alcaldes y regidores<\/em><\/p>\n\n\n\n<p><br><strong>Santo Domingo, RD\u00a0<\/strong><\/p>\n\n\n\n<p>La&nbsp;<strong>Direcci\u00f3n General de Contrataciones P\u00fablicas (DGCP)<\/strong>&nbsp;inform\u00f3 este lunes que suspendi\u00f3 de oficio 38&nbsp;<strong>Registros de Proveedores del Estado (RPE)<\/strong>&nbsp;correspondientes a funcionarios de primer y segundo nivel jer\u00e1rquico, por encontrarse dentro del r\u00e9gimen de inhabilidades previsto en el art\u00edculo 14 de la Ley 340-06 sobre Compras y Contrataciones P\u00fablicas.<\/p>\n\n\n\n<p>Seg\u00fan se inform\u00f3 a trav\u00e9s de un comunicado de prensa, entre los registros suspendidos mediante la resoluci\u00f3n n\u00fam. DGCP44-2025-002579&nbsp;<strong>figuran ministros, viceministros, directores, subdirectores, consultores jur\u00eddicos, intendentes, alcaldes y regidores&nbsp;<\/strong>que est\u00e1n legalmente impedidos para ser oferentes o suplir bienes, obras o servicios a instituciones del Estado, conforme lo establece la normativa vigente.<\/p>\n\n\n\n<p>\u201cLa medida es el resultado de un cruce sistem\u00e1tico de informaci\u00f3n realizado por los departamentos de Verificaci\u00f3n y Gesti\u00f3n de Proveedores\u201d, precisa el comunicado.<\/p>\n\n\n\n<p>El \u00f3rgano rector afirm\u00f3 que&nbsp;<strong>estas suspensiones son medidas preventivas<\/strong>&nbsp;adoptadas para garantizar la integridad del Registro de Proveedores del Estado y forman parte de los cruces de informaci\u00f3n que se realizan de manera regular, con el objetivo de prevenir posibles conflictos de inter\u00e9s y fortalecer el control en los procesos de&nbsp;<strong>contrataci\u00f3n p\u00fablica.<\/strong><\/p>\n\n\n\n<p>En ese sentido, el director general de Contrataciones P\u00fablicas,&nbsp;<strong>Carlos Pimentel,<\/strong>&nbsp;reiter\u00f3 que esta medida no constituye una sanci\u00f3n administrativa, sino una acci\u00f3n preventiva orientada a proteger la integridad del sistema de compras p\u00fablicas y asegurar el cumplimiento del marco normativo.<\/p>\n\n\n\n<p>\u201cLa detecci\u00f3n oportuna y la respuesta institucional ante situaciones que puedan comprometer la transparencia son pilares fundamentales en la labor de vigilancia que ejerce la DGCP en cumplimiento de su mandato legal\u201d, subray\u00f3 Pimentel.<\/p>\n\n\n\n<p>Los registros fueron suspendidos en el&nbsp;<strong>Sistema Electr\u00f3nico de Contrataciones P\u00fablicas (SECP),<\/strong>&nbsp;como establece el acto administrativo correspondiente.<\/p>\n\n\n\n<p>La DGCP inform\u00f3 que, durante la presente gesti\u00f3n, se han suspendido 567 registros de proveedores, en estricto cumplimiento del art\u00edculo 14 de la Ley 340-06, reforzando as\u00ed el compromiso institucional con la legalidad, la \u00e9tica p\u00fablica y la lucha contra los conflictos de inter\u00e9s.<\/p>\n","protected":false},"excerpt":{"rendered":"<p>Seg\u00fan se inform\u00f3 a trav\u00e9s de un comunicado de prensa, entre los registros suspendidos figuran<\/p>\n","protected":false},"author":1,"featured_media":18507,"comment_status":"open","ping_status":"open","sticky":false,"template":"","format":"standard","meta":{"footnotes":""},"categories":[10],"tags":[],"class_list":["post-18506","post","type-post","status-publish","format-standard","has-post-thumbnail","hentry","category-economica"],"_links":{"self":[{"href":"https:\/\/samantharadionline.com\/index.php\/wp-json\/wp\/v2\/posts\/18506","targetHints":{"allow":["GET"]}}],"collection":[{"href":"https:\/\/samantharadionline.com\/index.php\/wp-json\/wp\/v2\/posts"}],"about":[{"href":"https:\/\/samantharadionline.com\/index.php\/wp-json\/wp\/v2\/types\/post"}],"author":[{"embeddable":true,"href":"https:\/\/samantharadionline.com\/index.php\/wp-json\/wp\/v2\/users\/1"}],"replies":[{"embeddable":true,"href":"https:\/\/samantharadionline.com\/index.php\/wp-json\/wp\/v2\/comments?post=18506"}],"version-history":[{"count":1,"href":"https:\/\/samantharadionline.com\/index.php\/wp-json\/wp\/v2\/posts\/18506\/revisions"}],"predecessor-version":[{"id":18508,"href":"https:\/\/samantharadionline.com\/index.php\/wp-json\/wp\/v2\/posts\/18506\/revisions\/18508"}],"wp:featuredmedia":[{"embeddable":true,"href":"https:\/\/samantharadionline.com\/index.php\/wp-json\/wp\/v2\/media\/18507"}],"wp:attachment":[{"href":"https:\/\/samantharadionline.com\/index.php\/wp-json\/wp\/v2\/media?parent=18506"}],"wp:term":[{"taxonomy":"category","embeddable":true,"href":"https:\/\/samantharadionline.com\/index.php\/wp-json\/wp\/v2\/categories?post=18506"},{"taxonomy":"post_tag","embeddable":true,"href":"https:\/\/samantharadionline.com\/index.php\/wp-json\/wp\/v2\/tags?post=18506"}],"curies":[{"name":"wp","href":"https:\/\/api.w.org\/{rel}","templated":true}]}}