{"id":18500,"date":"2025-08-18T10:35:38","date_gmt":"2025-08-18T14:35:38","guid":{"rendered":"https:\/\/samantharadionline.com\/?p=18500"},"modified":"2025-08-18T10:46:19","modified_gmt":"2025-08-18T14:46:19","slug":"jose-antonio-molina-el-himno-nacional-dominicano-esta-intacto-se-trata-de-una-regrabacion","status":"publish","type":"post","link":"https:\/\/samantharadionline.com\/index.php\/2025\/08\/18\/jose-antonio-molina-el-himno-nacional-dominicano-esta-intacto-se-trata-de-una-regrabacion\/","title":{"rendered":"El Himno Nacional Dominicano \u201cest\u00e1 intacto\u201d, se trata \u201cde una regrabaci\u00f3n\u201d"},"content":{"rendered":"\n<p class=\"has-medium-font-size\"><em>Seg\u00fan sus explicaciones, la regrabaci\u00f3n buscaba capturar una pieza hist\u00f3rica \u201ccon la mayor tecnolog\u00eda que existe en estos momentos\u201d<\/em><\/p>\n\n\n\n<figure class=\"wp-block-image\"><img decoding=\"async\" src=\"https:\/\/listindiario.com\/files\/image_60_60\/uploads\/2023\/05\/16\/64638cfd2419c.jpeg\" alt=\"Avatar del Javier Flores\"\/><\/figure>\n\n\n\n<p><em>&nbsp;<\/em>Javier Flores, <strong>Santo Domingo<\/strong><\/p>\n\n\n\n<p>El&nbsp;<strong>maestro Jos\u00e9 Antonio Molina<\/strong>&nbsp;defendi\u00f3 lo que denomin\u00f3 la regrabaci\u00f3n del&nbsp;<strong>Himno Nacional Dominicano<\/strong>, en la que se respet\u00f3 en lo absoluto las letras y la m\u00fasica como originalmente las escribieron sus&nbsp;<strong>autores<\/strong>.<\/p>\n\n\n\n<p>\u201cSe trata de una regrabaci\u00f3n,<strong>&nbsp;el himno est\u00e1 intacto,<\/strong>&nbsp;tal cual lo escribi\u00f3<strong>&nbsp;Emilio Prud\u2019Homme<\/strong>, tal cual escribi\u00f3 cada una de sus notas el maestro<strong>&nbsp;Jos\u00e9 Reyes<\/strong>, no hay una nota de m\u00e1s, no hay una coma de menos\u201d, afirm\u00f3 Molina, quien dirigi\u00f3 la Orquesta Sinf\u00f3nica Nacional y el Coro Nacional que regrab\u00f3 el canto patrio.<\/p>\n\n\n\n<p>Seg\u00fan sus explicaciones, la&nbsp;<strong>regrabaci\u00f3n&nbsp;<\/strong>buscaba capturar una pieza hist\u00f3rica \u201ccon la mayor&nbsp;<strong>tecnolog\u00eda&nbsp;<\/strong>que existe en estos momentos\u201d.<\/p>\n\n\n\n<p>Sobre el particular agreg\u00f3: \u201cSe grab\u00f3 en el\u00a0<strong>Teatro Nacional\u00a0<\/strong>con una tecnolog\u00eda muy importante; fueron dos d\u00edas de grabaci\u00f3n, de sesiones importantes, donde este equipo incansable dimos todo lo que ten\u00edamos para ofrecer como artistas\u201d. Esc\u00fachalo aqu\u00ed <\/p>\n\n\n\n<figure class=\"wp-block-embed is-type-video is-provider-youtube wp-block-embed-youtube wp-embed-aspect-16-9 wp-has-aspect-ratio\"><div class=\"wp-block-embed__wrapper\">\n<iframe loading=\"lazy\" title=\"Himno Nacional Dominicano, regrabado, oficialmente 2025\" width=\"640\" height=\"360\" src=\"https:\/\/www.youtube.com\/embed\/zph3eCwIFU0?feature=oembed\" frameborder=\"0\" allow=\"accelerometer; autoplay; clipboard-write; encrypted-media; gyroscope; picture-in-picture; web-share\" referrerpolicy=\"strict-origin-when-cross-origin\" allowfullscreen><\/iframe>\n<\/div><\/figure>\n\n\n\n<h3 class=\"wp-block-heading\">INSTITUCIONES<\/h3>\n\n\n\n<p>Molina coment\u00f3 que \u201chemos escogido los s\u00edmbolos que representan la m\u00fasica sinf\u00f3nica de nuestro pa\u00eds. La&nbsp;<strong>Orquesta Sinf\u00f3nica Nacional<\/strong>, la m\u00e1s alta instituci\u00f3n musical del pa\u00eds, ten\u00eda que estar aqu\u00ed; el&nbsp;<strong>Coro Nacional<\/strong>, que acaba de cumplir 70 a\u00f1os, con una celebraci\u00f3n del&nbsp;<strong>Requiem de Mozart<\/strong>&#8230; Fue este equipo de hombres y mujeres, asesorados en por un grupo de historiadores y con la energ\u00eda y el entusiasmo del&nbsp;<strong>ministro Roberto \u00c1ngel&nbsp;<\/strong>para hacer algo que realmente entendemos enaltece y enciende a\u00fan m\u00e1s esa llama que todos llevamos en nuestro pecho por el canto patrio\u201d, expres\u00f3 Molina.<\/p>\n\n\n\n<p>\u201cEstamos ante una grabaci\u00f3n que a mi juicio, y al de todos los que participamos en el proyecto, constituye una nueva dimensi\u00f3n sonora de lo que es Himno. Estamos tratando el&nbsp;<strong>Himno&nbsp;<\/strong>con la dimensi\u00f3n que siempre ha merecido pero aun llev\u00e1ndolo a otra dimensi\u00f3n que tecnol\u00f3gica como merece nuestro pa\u00eds\u201d, a\u00f1adi\u00f3 Molina.<\/p>\n\n\n\n<p>El&nbsp;<strong>presidente Luis Abinader&nbsp;<\/strong>encabez\u00f3 el s\u00e1bado el acto de presentaci\u00f3n de la&nbsp;<strong>regrabaci\u00f3n oficial del Himno Nacional<\/strong>, el cual fue interpretado por el Coro Nacional y la Orquesta Sinf\u00f3nica Nacional, bajo la producci\u00f3n y coordinaci\u00f3n de&nbsp;<strong>Juan Luis Guerra&nbsp;<\/strong>y<strong>&nbsp;Janina Rosado.<\/strong><\/p>\n\n\n\n<h3 class=\"wp-block-heading\">COMENTARIO DE JUAN LUIS<\/h3>\n\n\n\n<p>Juan Luis tambi\u00e9n se refiri\u00f3 a la producci\u00f3n lograda: \u201c<strong>Es una regrabaci\u00f3n<\/strong>, es el mismo himno sin alterar nada\u201d. S\u00ed anot\u00f3 que se iba a incrementar el sonido y que se iban a usar \u201clos mejores micr\u00f3fonos para grabar en vivo\u201d. La iniciativa fue producida desde el&nbsp;<strong>Ministerio Cultura<\/strong>, cuyo titular Roberto \u00c1ngel Salcedo, manifest\u00f3 que la idea es revitalizar y promover la identidad cultural del pa\u00eds.<\/p>\n\n\n\n<p>\u201cEl&nbsp;<strong>Himno Nacional<\/strong>, como se ha establecido aqu\u00ed, tiene una importancia capital, desde el Ministerio de Cultura hemos estado trabajando en varios de ejes y uno de ellos es la valoraci\u00f3n del<strong>&nbsp;patrimonio material e inmaterial<\/strong>&nbsp;dominicano y otro es la revitalizaci\u00f3n de nuestra identidad cultural\u201d, argument\u00f3 Salcedo.<\/p>\n\n\n\n<p>En ese sentido a\u00f1adi\u00f3: \u201cEsos elementos representativos y distintivos de la sociedad dominicana que debemos fomentar y que debemos conectar esos valores con las presentes y futuras generaciones\u201d.<\/p>\n\n\n\n<p>El<strong>&nbsp;ministro de Cultura<\/strong>&nbsp;inform\u00f3 que la \u00fanica inversi\u00f3n hecha por parte del&nbsp;<strong>Gobierno&nbsp;<\/strong>fue para la producci\u00f3n y realizaci\u00f3n del documental sobre la&nbsp;<strong>regrabaci\u00f3n&nbsp;<\/strong>y que todos los involucrados en el proyecto de \u201crevitalizaci\u00f3n del canto a la patria\u201d trabajaron de manera honorifica. Salcedo no especific\u00f3 el costo del audiovisual.<\/p>\n\n\n\n<p>En el acto estuvieron presentes la vicepresidenta Raquel Pe\u00f1a, la primera Dama Raquel Arbaje, el ministro de la Presidencia, Jos\u00e9 Ignacio Paliza; el ministro de Defensa, Carlos Fern\u00e1ndez Onofre; el presidente del Tribunal Superior Electoral (TSE), Ignacio Pascual.<\/p>\n\n\n\n<p>Adem\u00e1s del historiador Juan Daniel Balcacer, el presidente del Instituto Duartiano, Wilson G\u00f3mez; el presidente de la Academia Dominicana de la Historia, Miguel Reyes S\u00e1nchez, presidente de la Comisi\u00f3n Permanente de Efem\u00e9rides Patrias, Juan Pablo Uribe, entre otros.<\/p>\n\n\n\n<h3 class=\"wp-block-heading\">LEYES<\/h3>\n\n\n\n<p>La&nbsp;<strong>Constituci\u00f3n dominicana&nbsp;<\/strong>en su art\u00edculo 33 establece que el&nbsp;<strong>Himno Nacional&nbsp;<\/strong>como s\u00edmbolo patrio es \u00fanico e invariable. La Carta Magna se\u00f1ala de manera textual que \u201ces la composici\u00f3n musical de Jos\u00e9 Reyes con letras de Emilio Prud\u00b4Homme, y es \u00fanico e invariable\u201d. Adem\u00e1s, existe la ley 210-19 que regula el uso de los S\u00edmbolos Patrios, donde se precisa en el art\u00edculo 39 en el numeral 1 qu\u00e9 se considera ultraje al himno, cambiar la letra y tiempo musical.<\/p>\n\n\n\n<p>El Himno Nacional fue\u2029interpretado\u2029por\u2029primera \u2029vez\u2029en\u2029la\u2029 ciudad\u2029 Capital\u2029 de\u2029 Santo\u2029 Domingo\u2029 el\u2029 17\u2029 de\u2029 agosto\u2029 de\u2029 1883,\u2029 con\u2029motivo\u2029del\u2029vig\u00e9simo\u2029aniversario\u2029de\u2029la\u2029Restauraci\u00f3n de la Rep\u00fablica.<\/p>\n","protected":false},"excerpt":{"rendered":"<p>Seg\u00fan sus explicaciones, la regrabaci\u00f3n buscaba capturar una pieza hist\u00f3rica \u201ccon la mayor tecnolog\u00eda que<\/p>\n","protected":false},"author":1,"featured_media":0,"comment_status":"open","ping_status":"open","sticky":false,"template":"","format":"standard","meta":{"footnotes":""},"categories":[1,12],"tags":[],"class_list":["post-18500","post","type-post","status-publish","format-standard","hentry","category-blog","category-nacionales"],"_links":{"self":[{"href":"https:\/\/samantharadionline.com\/index.php\/wp-json\/wp\/v2\/posts\/18500","targetHints":{"allow":["GET"]}}],"collection":[{"href":"https:\/\/samantharadionline.com\/index.php\/wp-json\/wp\/v2\/posts"}],"about":[{"href":"https:\/\/samantharadionline.com\/index.php\/wp-json\/wp\/v2\/types\/post"}],"author":[{"embeddable":true,"href":"https:\/\/samantharadionline.com\/index.php\/wp-json\/wp\/v2\/users\/1"}],"replies":[{"embeddable":true,"href":"https:\/\/samantharadionline.com\/index.php\/wp-json\/wp\/v2\/comments?post=18500"}],"version-history":[{"count":3,"href":"https:\/\/samantharadionline.com\/index.php\/wp-json\/wp\/v2\/posts\/18500\/revisions"}],"predecessor-version":[{"id":18504,"href":"https:\/\/samantharadionline.com\/index.php\/wp-json\/wp\/v2\/posts\/18500\/revisions\/18504"}],"wp:attachment":[{"href":"https:\/\/samantharadionline.com\/index.php\/wp-json\/wp\/v2\/media?parent=18500"}],"wp:term":[{"taxonomy":"category","embeddable":true,"href":"https:\/\/samantharadionline.com\/index.php\/wp-json\/wp\/v2\/categories?post=18500"},{"taxonomy":"post_tag","embeddable":true,"href":"https:\/\/samantharadionline.com\/index.php\/wp-json\/wp\/v2\/tags?post=18500"}],"curies":[{"name":"wp","href":"https:\/\/api.w.org\/{rel}","templated":true}]}}