{"id":18492,"date":"2025-08-18T10:26:45","date_gmt":"2025-08-18T14:26:45","guid":{"rendered":"https:\/\/samantharadionline.com\/?p=18492"},"modified":"2025-08-18T10:26:46","modified_gmt":"2025-08-18T14:26:46","slug":"datos-confirman-inedita-segunda-vuelta-entre-paz-y-quiroga","status":"publish","type":"post","link":"https:\/\/samantharadionline.com\/index.php\/2025\/08\/18\/datos-confirman-inedita-segunda-vuelta-entre-paz-y-quiroga\/","title":{"rendered":"Datos confirman in\u00e9dita segunda vuelta entre Paz y Quiroga"},"content":{"rendered":"\n<p class=\"has-medium-font-size\"><em>Bolivia tendr\u00e1 una segunda vuelta, posibilidad incluida en la Constituci\u00f3n vigente desde 2009<\/em><\/p>\n\n\n\n<figure class=\"wp-block-image\"><img decoding=\"async\" src=\"https:\/\/listindiario.com\/files\/image_60_60\/uploads\/2023\/05\/23\/646cd02f4f53e.jpeg\" alt=\"Avatar del Agencia EFE\"\/><\/figure>\n\n\n\n<p><em>\u00a0<\/em>Agencia EFE, <strong>Bolivia\u00a0<\/strong><\/p>\n\n\n\n<p>Los datos preliminares del<strong>&nbsp;\u00f3rgano electoral de Bolivia&nbsp;<\/strong>al 92 % de las actas computadas confirmaron que el senador opositor&nbsp;<strong>Rodrigo Paz Pereira<\/strong>&nbsp;y el expresidente&nbsp;<strong>Jorge &#8216;Tuto&#8217; Quiroga<\/strong>, ambos opositores, disputar\u00e1n una in\u00e9dita segunda vuelta en octubre, tras las<strong>&nbsp;elecciones generales<\/strong>&nbsp;realizadas este domingo.<\/p>\n\n\n\n<p>Paz Pereira, del&nbsp;<strong>Partido Dem\u00f3crata Cristiano (PDC)<\/strong>, encabeza el conteo con el 32,2 % de los votos, mientras que&nbsp;<strong>Jorge Quiroga<\/strong>&nbsp;(2001-2002), de la alianza Libre, alcanza el 26,9 %, de acuerdo con el&nbsp;<strong>Sistema de Resultados Electorales Preliminares<\/strong>&nbsp;(Sirepre) del&nbsp;<strong>Tribunal Supremo Electoral (TSE)<\/strong>, con el 92,6 % de las actas computadas, aunque no se trata a\u00fan del c\u00f3mputo oficial.<\/p>\n\n\n\n<p>Ser\u00e1 la primera vez que&nbsp;<strong>Bolivia&nbsp;<\/strong>tendr\u00e1 una segunda vuelta, posibilidad incluida en la&nbsp;<strong>Constituci\u00f3n&nbsp;<\/strong>vigente desde 2009 que se\u00f1ala que habr\u00e1 balotaje si ninguna de las candidaturas alcanza m\u00e1s del 50 % de los votos v\u00e1lidos o un m\u00ednimo del 40 % con al menos diez puntos de ventaja sobre el siguiente.<\/p>\n\n\n\n<p>En tercer lugar est\u00e1 el empresario opositor<strong>&nbsp;Samuel Doria Medina<\/strong>, de la alianza Unidad, con 19,9 %, y va cuarto el presidente del Senado, el oficialista Andr\u00f3nico Rodr\u00edguez, de la alianza Popular, con 8,2 %.<\/p>\n\n\n\n<p>El candidato del gubernamental&nbsp;<strong>Movimiento al Socialismo (MAS)<\/strong>, Eduardo del Castillo, aparece con un 3,1 %, al l\u00edmite del porcentaje requerido para conservar la personalidad jur\u00eddica del partido.<\/p>\n\n\n\n<p>Los votos v\u00e1lidos alcanzan el 78,27 %, los nulos el 19,3 % y los blancos el 2,43 %.<\/p>\n\n\n\n<p><strong>Lea tambi\u00e9n<\/strong><\/p>\n\n\n\n<p>Paz Pereira, de 57 a\u00f1os y de centro, es la principal revelaci\u00f3n de este proceso electoral, pues pas\u00f3 de los \u00faltimos lugares en las encuestas preelectorales a disputar la segunda vuelta con el derechista Quiroga.<\/p>\n\n\n\n<p>Hijo de la espa\u00f1ola Carmen Pereira y del expresidente boliviano Jaime Paz Zamora (1989-1993), Paz Pereira naci\u00f3 en Santiago de Compostela en 1967 y vivi\u00f3 su ni\u00f1ez en varios pa\u00edses debido a que sus padres fueron perseguidos durante los gobiernos militares.<\/p>\n\n\n\n<p><strong>Quiroga fue vicepresidente de Bolivia&nbsp;<\/strong>entre 1997 y 2001, a\u00f1o en que asumi\u00f3 la Presidencia por sucesi\u00f3n constitucional tras la renuncia del entonces mandatario Hugo Banzer, quien dej\u00f3 el cargo por motivos de salud.<\/p>\n\n\n\n<p>Los resultados suponen la salida de la izquierda del poder tras dos d\u00e9cadas de los Gobiernos de&nbsp;<strong>Evo Morales&nbsp;<\/strong>(2006-2019) y Luis Arce, quien deber\u00e1 entregar el mando presidencial el pr\u00f3ximo 8 de noviembre al ganador de la segunda vuelta.<\/p>\n\n\n\n<p>Morales no particip\u00f3 en estos comicios por una disposici\u00f3n constitucional que le impide volver a postularse porque ya gobern\u00f3 el pa\u00eds en tres periodos y tampoco tiene partido pol\u00edtico, por lo que promovi\u00f3 el voto nulo.<\/p>\n","protected":false},"excerpt":{"rendered":"<p>Bolivia tendr\u00e1 una segunda vuelta, posibilidad incluida en la Constituci\u00f3n vigente desde 2009 \u00a0Agencia EFE,<\/p>\n","protected":false},"author":1,"featured_media":18493,"comment_status":"open","ping_status":"open","sticky":false,"template":"","format":"standard","meta":{"footnotes":""},"categories":[4],"tags":[],"class_list":["post-18492","post","type-post","status-publish","format-standard","has-post-thumbnail","hentry","category-mundiales"],"_links":{"self":[{"href":"https:\/\/samantharadionline.com\/index.php\/wp-json\/wp\/v2\/posts\/18492","targetHints":{"allow":["GET"]}}],"collection":[{"href":"https:\/\/samantharadionline.com\/index.php\/wp-json\/wp\/v2\/posts"}],"about":[{"href":"https:\/\/samantharadionline.com\/index.php\/wp-json\/wp\/v2\/types\/post"}],"author":[{"embeddable":true,"href":"https:\/\/samantharadionline.com\/index.php\/wp-json\/wp\/v2\/users\/1"}],"replies":[{"embeddable":true,"href":"https:\/\/samantharadionline.com\/index.php\/wp-json\/wp\/v2\/comments?post=18492"}],"version-history":[{"count":1,"href":"https:\/\/samantharadionline.com\/index.php\/wp-json\/wp\/v2\/posts\/18492\/revisions"}],"predecessor-version":[{"id":18494,"href":"https:\/\/samantharadionline.com\/index.php\/wp-json\/wp\/v2\/posts\/18492\/revisions\/18494"}],"wp:featuredmedia":[{"embeddable":true,"href":"https:\/\/samantharadionline.com\/index.php\/wp-json\/wp\/v2\/media\/18493"}],"wp:attachment":[{"href":"https:\/\/samantharadionline.com\/index.php\/wp-json\/wp\/v2\/media?parent=18492"}],"wp:term":[{"taxonomy":"category","embeddable":true,"href":"https:\/\/samantharadionline.com\/index.php\/wp-json\/wp\/v2\/categories?post=18492"},{"taxonomy":"post_tag","embeddable":true,"href":"https:\/\/samantharadionline.com\/index.php\/wp-json\/wp\/v2\/tags?post=18492"}],"curies":[{"name":"wp","href":"https:\/\/api.w.org\/{rel}","templated":true}]}}