{"id":18489,"date":"2025-08-18T10:24:15","date_gmt":"2025-08-18T14:24:15","guid":{"rendered":"https:\/\/samantharadionline.com\/?p=18489"},"modified":"2025-08-18T10:24:16","modified_gmt":"2025-08-18T14:24:16","slug":"cambian-las-cabezas-de-tres-instituciones-muy-cuestionadas-en-los-ultimos-meses","status":"publish","type":"post","link":"https:\/\/samantharadionline.com\/index.php\/2025\/08\/18\/cambian-las-cabezas-de-tres-instituciones-muy-cuestionadas-en-los-ultimos-meses\/","title":{"rendered":"Cambian las cabezas de tres instituciones muy cuestionadas en los \u00faltimos meses"},"content":{"rendered":"\n<p class=\"has-medium-font-size\"><em>Dirigentes del Partido Revolucionario Moderno manifestaban desde hace d\u00edas la necesidad que exist\u00eda en el pa\u00eds de \u201cremenear la mata\u201d<\/em><\/p>\n\n\n\n<figure class=\"wp-block-image\"><img decoding=\"async\" src=\"https:\/\/listindiario.com\/files\/image_60_60\/uploads\/2023\/05\/16\/64637a1e3ff38.jpeg\" alt=\"Avatar del \u00c1ngel Valdez\"\/><\/figure>\n\n\n\n<p><em>\u00a0<\/em>\u00c1ngel Valdez<strong>, Santo Domingo, RD.<\/strong><\/p>\n\n\n\n<p>Con el&nbsp;<strong>decreto 461-25<\/strong>&nbsp;emitido por la&nbsp;<strong>Presidencia&nbsp;<\/strong>para realizar cambios en el tren gubernamental, el&nbsp;<strong>mandatario Luis Abinader<\/strong>&nbsp;busca enviar un claro mensaje, seg\u00fan lo estableci\u00f3 en un comunicado de prensa: fortalecer \u00e1reas estrat\u00e9gicas, reafirmando el compromiso de seguir impulsando \u201cla transparencia, eficiencia y el servicio ciudadano\u201d.<\/p>\n\n\n\n<p>En los \u00faltimos d\u00edas, dirigentes del oficialismo han expresado que esperan una variaci\u00f3n en los nombres de funcionarios pertenecientes al mandato del presidente. As\u00ed lo manifestaron los diputados perreme\u00edstas&nbsp;<strong>Robinson D\u00edaz<\/strong>&nbsp;y&nbsp;<strong>Juan Medina<\/strong>&nbsp;al ser consultado por la prensa el pasado 14 de agosto.&nbsp;<\/p>\n\n\n\n<p>Precisamente, Abinader tom\u00f3 la decisi\u00f3n de intercambiar las posiciones de algunos funcionarios y, en otros casos, nombrar nuevos incumbentes en instituciones gubernamentales que han sido desde hace semanas el principal foco de&nbsp;<strong>cuestionamiento&nbsp;<\/strong>en la opini\u00f3n p\u00fablica.<\/p>\n\n\n\n<h3 class=\"wp-block-heading\">INABIE<\/h3>\n\n\n\n<p>Un ejemplo de esto es el&nbsp;<strong>Instituto Nacional de Bienestar Estudiantil (Inabie)<\/strong>, donde el gobernante envi\u00f3 a&nbsp;<strong>Adolfo P\u00e9rez de Le\u00f3n<\/strong>, en sustituci\u00f3n de&nbsp;<strong>V\u00edctor Castro<\/strong>, quien ocupaba el cargo desde noviembre desde 2021.<\/p>\n\n\n\n<p>Desde 2020, el Inabie ha estado siendo observada por la Direcci\u00f3n de Contrataciones P\u00fablicas debido a supuestas&nbsp;<strong>irregularidades en procesos de licitaciones<\/strong>. Esto provoc\u00f3 que el presidente Abinader destituyera al primero en ocupar el cargo durante su Gobierno,&nbsp;<strong>Cecilio Rodr\u00edguez<\/strong>, tras denuncias sobre una adjudicaci\u00f3n de contratos con empresas que supuestamente no cumpl\u00edan con el pliego de condiciones para suplir el almuerzo escolar. Luego de su salida en 2021, Abinader no ha nombrado a Rodr\u00edguez en ninguna posici\u00f3n.&nbsp;<\/p>\n\n\n\n<p><strong>Cecilio Rodr\u00edguez Mont\u00e1s<\/strong>&nbsp;fue destituido de la posici\u00f3n en noviembre del a\u00f1o 2021, en medio de denuncias de suplidores del almuerzo escolar.&nbsp;<\/p>\n\n\n\n<p>El entonces ministro de Educaci\u00f3n,&nbsp;<strong>Roberto Fulcar,<\/strong>&nbsp;dijo que recibi\u00f3 un informe que establec\u00eda que en el&nbsp;<strong>Inabie&nbsp;<\/strong>exist\u00edan \u201cfallas importantes que requieren cambios significativos\u201d.<\/p>\n\n\n\n<p>Uno de los m\u00e1s recientes inconvenientes en la instituci\u00f3n se registr\u00f3 en agosto de este a\u00f1o de 2025, cuando el \u00f3rgano supervisor del Poder Ejecutivo orden\u00f3 anular&nbsp;<strong>25 adjudicaciones<\/strong>&nbsp;desarrolladas por la instituci\u00f3n para la confecci\u00f3n y adquisici\u00f3n de&nbsp;<strong>zapatos escolares&nbsp;<\/strong>que ser\u00edan utilizados por alumnos del sector p\u00fablico.<\/p>\n\n\n\n<p><strong>Lea tambi\u00e9n<\/strong><\/p>\n\n\n\n<p>Eso ocurri\u00f3 debido a que, seg\u00fan la investigaci\u00f3n de Contrataciones P\u00fablicas, el&nbsp;<strong>Comit\u00e9 de Compras y Contrataciones del INABIE<\/strong>&nbsp;incurri\u00f3 en \u201cactuaciones contrarias a los principios de transparencia, igualdad y libre competencia\u201d.<\/p>\n\n\n\n<p>\u201c(De) 101 proveedores (adjudicados), 31 contratos presentaron deficiencias y vicios de procedimiento que afectan su validez\u201d, indica la resoluci\u00f3n RIC-0106-2025.<\/p>\n\n\n\n<p>Hasta la publicaci\u00f3n de este escrito, V\u00edctor Castro queda sin funciones, ya que el presidente Abinader no le instruy\u00f3 una nueva responsabilidad gubernamental.<\/p>\n\n\n\n<h3 class=\"wp-block-heading\">Promesecal<\/h3>\n\n\n\n<p>Sin embargo, la antigua direcci\u00f3n de&nbsp;<strong>Adolfo P\u00e9rez,<\/strong>&nbsp;quien pasa a ocupar la posici\u00f3n de Castro, estuvo tambi\u00e9n en el centro de la atenci\u00f3n ciudadana por denuncias de&nbsp;<strong>supuesta ineficiencia<\/strong>.<\/p>\n\n\n\n<p>En su paso por el Programa de Medicamentos Esenciales y Central de Apoyo Log\u00edstico (<strong>Promesecal<\/strong>), funci\u00f3n que lider\u00f3 por cinco a\u00f1os y un d\u00eda, la gesti\u00f3n de P\u00e9rez fue denunciada de manera constante por permitir que las<strong>&nbsp;farmacias de suministro m\u00e9dico<\/strong>&nbsp;est\u00e9n, supuestamente,&nbsp;<strong>\u201cvac\u00edas\u201d<\/strong>.<\/p>\n\n\n\n<p>El pasado 3 de julio, reporteros del List\u00edn Diario visitaron varias localidades de la provincia Santiago, donde pudieron constatar la<strong>&nbsp;falta de medicamentos esenciales&nbsp;<\/strong>que estaban presentando la mayor\u00eda de estos establecimientos farmac\u00e9uticos. Los sectores visitados fueron los siguientes: Cienfuegos, Bella Vista, Ensanche Berm\u00fadez y otras en Santiago de los Caballeros.<\/p>\n\n\n\n<p>Adem\u00e1s, la presidenta de la Asociaci\u00f3n Farmac\u00e9utica Dominicana, Kirenia Tavarez, lament\u00f3 el pasado 13 de mayo que el estado de las instalaciones del programa gubernamental estuviese provocando el deterioro de los servicios, alegando una reducci\u00f3n en la cantidad de f\u00e1rmacos disponibles.<\/p>\n\n\n\n<p><strong>Lea tambi\u00e9n<\/strong><\/p>\n\n\n\n<h3 class=\"wp-block-heading\">Senasa<\/h3>\n\n\n\n<p>Abinader design\u00f3 a&nbsp;<strong>Edward Rafael Guzm\u00e1n Padilla<\/strong>&nbsp;como director ejecutivo del Servicio Nacional de Salud (<strong>Senasa<\/strong>), en sustituci\u00f3n de&nbsp;<strong>Santiago Hazim<\/strong>, quien no tiene una nueva posici\u00f3n en la lista de funcionarios.<\/p>\n\n\n\n<p>Esta instituci\u00f3n descentralizada del Gobierno, encargada de la\u00a0<strong>administraci\u00f3n de riesgos de salud<\/strong>\u00a0para sus afiliados, tambi\u00e9n fue objeto, desde inicios del a\u00f1o, de cuestionamientos debido a quejas generadas por falta de funcionamiento en la cobertura, as\u00ed como tambi\u00e9n, seg\u00fan afirman organizaciones pol\u00edticas opositoras y el\u00a0<strong>Colegio M\u00e9dico Dominicano<\/strong>, el retraso en los pagos que debe realizar a doctores y cl\u00ednicas privadas, evidenciando una\u00a0<strong>grave crisis financiera.<\/strong><\/p>\n\n\n\n<p>Pero, la Superintendencia de Salud y Riesgos Laborales asegur\u00f3 el pasado 26 de junio que la posibilidad de sufrir un&nbsp;<strong>quiebre econ\u00f3mico en Senasa no existe,<\/strong>&nbsp;ya que pertenece al Estado dominicano.<\/p>\n\n\n\n<p>El primer mandatario coincidi\u00f3 cuatro d\u00edas despu\u00e9s con esta posici\u00f3n, alegando que en Senasa no se registra un d\u00e9ficit, contradiciendo las declaraciones de las entidades pol\u00edticas opositoras, Fuerza del Pueblo (FP) y el Partido de la Liberaci\u00f3n Dominicana (PLD). No obstante, Abinader s\u00ed confirm\u00f3 que Senasa necesitaba m\u00e1s recursos, por lo que entregar\u00eda un aporte extra en su apartado dentro del presupuesto.<\/p>\n\n\n\n<p><strong>Lea tambi\u00e9n<\/strong><\/p>\n\n\n\n<h3 class=\"wp-block-heading\">Violaci\u00f3n a la ley<\/h3>\n\n\n\n<p>Adem\u00e1s de este escenario,&nbsp;<strong>Senasa&nbsp;<\/strong>tuvo que ser impedida por la&nbsp;<strong>Direcci\u00f3n General de Contrataciones P\u00fablicas<\/strong>&nbsp;en la ejecuci\u00f3n de un proceso de licitaci\u00f3n con la empresa Farmacal. La entidad supervisora asegur\u00f3 que&nbsp;<strong>Senasa viol\u00f3 la Ley 340-06&nbsp;<\/strong>al contratar un servicio de naturaleza administrativa y tecnol\u00f3gica, no contemplado en la Ley 87-01 de Seguridad Social. La resoluci\u00f3n RIC-0109-2025 compartida el pasado 15 de agosto evidencia el alegado incumplimiento de principios esenciales como la \u201clegalidad, debido proceso, igualdad, libre competencia, transparencia y publicidad\u201d.<\/p>\n\n\n\n<p>Antes de su salida, el pasado viernes, Haz\u00edm inform\u00f3 por medio de una nota de prensa institucional que acog\u00eda las recomendaciones de<strong>&nbsp;Contrataciones P\u00fablicas<\/strong>&nbsp;y ordenaba convocar a un nuevo proceso de licitaci\u00f3n.<\/p>\n","protected":false},"excerpt":{"rendered":"<p>Dirigentes del Partido Revolucionario Moderno manifestaban desde hace d\u00edas la necesidad que exist\u00eda en el<\/p>\n","protected":false},"author":1,"featured_media":18490,"comment_status":"open","ping_status":"open","sticky":false,"template":"","format":"standard","meta":{"footnotes":""},"categories":[12],"tags":[],"class_list":["post-18489","post","type-post","status-publish","format-standard","has-post-thumbnail","hentry","category-nacionales"],"_links":{"self":[{"href":"https:\/\/samantharadionline.com\/index.php\/wp-json\/wp\/v2\/posts\/18489","targetHints":{"allow":["GET"]}}],"collection":[{"href":"https:\/\/samantharadionline.com\/index.php\/wp-json\/wp\/v2\/posts"}],"about":[{"href":"https:\/\/samantharadionline.com\/index.php\/wp-json\/wp\/v2\/types\/post"}],"author":[{"embeddable":true,"href":"https:\/\/samantharadionline.com\/index.php\/wp-json\/wp\/v2\/users\/1"}],"replies":[{"embeddable":true,"href":"https:\/\/samantharadionline.com\/index.php\/wp-json\/wp\/v2\/comments?post=18489"}],"version-history":[{"count":1,"href":"https:\/\/samantharadionline.com\/index.php\/wp-json\/wp\/v2\/posts\/18489\/revisions"}],"predecessor-version":[{"id":18491,"href":"https:\/\/samantharadionline.com\/index.php\/wp-json\/wp\/v2\/posts\/18489\/revisions\/18491"}],"wp:featuredmedia":[{"embeddable":true,"href":"https:\/\/samantharadionline.com\/index.php\/wp-json\/wp\/v2\/media\/18490"}],"wp:attachment":[{"href":"https:\/\/samantharadionline.com\/index.php\/wp-json\/wp\/v2\/media?parent=18489"}],"wp:term":[{"taxonomy":"category","embeddable":true,"href":"https:\/\/samantharadionline.com\/index.php\/wp-json\/wp\/v2\/categories?post=18489"},{"taxonomy":"post_tag","embeddable":true,"href":"https:\/\/samantharadionline.com\/index.php\/wp-json\/wp\/v2\/tags?post=18489"}],"curies":[{"name":"wp","href":"https:\/\/api.w.org\/{rel}","templated":true}]}}