{"id":18486,"date":"2025-08-18T10:20:31","date_gmt":"2025-08-18T14:20:31","guid":{"rendered":"https:\/\/samantharadionline.com\/?p=18486"},"modified":"2025-08-18T10:20:32","modified_gmt":"2025-08-18T14:20:32","slug":"movimientos-en-el-tren-gubernamental","status":"publish","type":"post","link":"https:\/\/samantharadionline.com\/index.php\/2025\/08\/18\/movimientos-en-el-tren-gubernamental\/","title":{"rendered":"\u00a0Movimientos en el tren gubernamental"},"content":{"rendered":"\n<p class=\"has-medium-font-size\"><em>Marcan el inicio formal del nuevo a\u00f1o del segundo per\u00edodo de Abinader<\/em>. <em>La medida dispone la designaci\u00f3n de Samuel Pereyra como nuevo presidente de la Refiner\u00eda Dominicana de Petroleos<\/em><\/p>\n\n\n\n<figure class=\"wp-block-image\"><img decoding=\"async\" src=\"https:\/\/listindiario.com\/files\/image_60_60\/uploads\/2023\/05\/16\/64638cfd2419c.jpeg\" alt=\"Avatar del Javier Flores\"\/><\/figure>\n\n\n\n<p><em>\u00a0<\/em>Javier Flores, <strong>Santo Domingo, RD<\/strong><\/p>\n\n\n\n<p>El&nbsp;<strong>presidente Luis Abinader&nbsp;<\/strong>emiti\u00f3 ayer el&nbsp;<strong>decreto 461-25&nbsp;<\/strong>mediante el cual realiz\u00f3 varios movimientos dentro de su<strong>&nbsp;estructura gubernamental<\/strong>&nbsp;tras el inicio del segundo a\u00f1o de su nuevo mandato constitucional.<\/p>\n\n\n\n<p>La medida dispone la designaci\u00f3n de Samuel Pereyra como nuevo presidente de la Refiner\u00eda Dominicana de Petroleos (<strong>Refidomsa<\/strong>), en sustituci\u00f3n de\u00a0<strong>Leonardo Aguilera<\/strong>\u00a0quien pasar\u00e1 a ocupar la presidencia ejecutiva del\u00a0<strong>Banco de Reservas (BanReservas).<\/strong><\/p>\n\n\n\n<p>Pereyra hab\u00eda sido el titular de&nbsp;<strong>BanReservas&nbsp;<\/strong>desde el inicio de la gesti\u00f3n de Abinader en agosto de 2020; adem\u00e1s es cofundador del&nbsp;<strong>Partido Revolucionario Moderno<\/strong>, delegado pol\u00edtico y gestor financiero de la campa\u00f1a presidencial de Luis Abinader, por igual tiene una especialidad en Derecho Comercial de la Universidad Panth\u00e9on-Assas, en Par\u00ed. De igual forma, es licenciado en derecho de la Pontificia Universidad Cat\u00f3lica Madre y Maestra.<\/p>\n\n\n\n<p>De su lado, Aguilera pasa a presidir el banco estatal tras durar cinco a\u00f1os a cargo de&nbsp;<strong>Refidomsa<\/strong>; el nuevo titular es catedr\u00e1tico, asesor econ\u00f3mico empresarial y consultor pol\u00edtico; adem\u00e1s, lleva m\u00e1s de 30 a\u00f1os como el presidente y fundador del Centro Econ\u00f3mico del Cibao (CEC), instituci\u00f3n dedicada a la realizaci\u00f3n de estudios econ\u00f3micos, de mercados y de opini\u00f3n p\u00fablica.<\/p>\n\n\n\n<p>Adem\u00e1s el decreto contempla la designaci\u00f3n de&nbsp;<strong>Edward Rafael Guzm\u00e1n<\/strong>&nbsp;como nuevo director ejecutivo del<strong>&nbsp;Seguro Nacional de Salud (Senasa).<\/strong><\/p>\n\n\n\n<p>\u201c(Guzm\u00e1n) es un profesional con trayectoria en administraci\u00f3n p\u00fablica y pol\u00edticas sociales, que ha ocupado funciones directivas en el \u00e1rea de salud, seguridad social y gesti\u00f3n institucional, contribuyendo al fortalecimiento de programas de protecci\u00f3n social\u201d, rese\u00f1a el comunicado de prensa.<\/p>\n\n\n\n<p>Como nuevo director ejecutivo del<strong>&nbsp;Instituto Nacional de Bienestar Estudiantil (Inabie)<\/strong>&nbsp;fue nombrado<strong>&nbsp;Adolfo P\u00e9rez de Le\u00f3n<\/strong>, profesional vinculado al sector social, con experiencia en programas de asistencia y apoyo a comunidades educativas, as\u00ed como en la gesti\u00f3n de programas de alimentaci\u00f3n escolar y servicios estudiantiles.<\/p>\n\n\n\n<p>El ingeniero&nbsp;<strong>On\u00e9ximo Antonio Gonz\u00e1lez<\/strong>&nbsp;fue designado vicepresidente ejecutivo de la Operadora Metropolitana de Servicios de Autobuses (<strong>OMSA<\/strong>); Gonz\u00e1lez ha estado vinculado a la modernizaci\u00f3n del transporte p\u00fablico, con experiencia en gerencia operativa y dise\u00f1o de planes de movilidad urbana.<\/p>\n\n\n\n<p>El&nbsp;<strong>doctor Virgilio Cedano Cedano<\/strong>&nbsp;fue designado asesor honor\u00edfico del Poder Ejecutivo en materia de salud y atenci\u00f3n primaria. M\u00e9dico de profesi\u00f3n, cuenta con experiencia en medicina comunitaria y hospitalaria, habiendo desempe\u00f1ado funciones directivas en instituciones de salud y siendo reconocido por su trayectoria en prevenci\u00f3n y atenci\u00f3n primaria.<\/p>\n\n\n\n<p>La comunicadora&nbsp;<strong>Xiomara Guante<\/strong>&nbsp;asumir\u00e1 el cargo de viceministra de Innovaci\u00f3n, Transparencia y Atenci\u00f3n Ciudadana del Ministerio Administrativo de la Presidencia. Guante es activista y dirigente gremial con experiencia en gesti\u00f3n de proyectos y fortalecimiento institucional, impulsando iniciativas de participaci\u00f3n ciudadana y defensa de derechos laborales.<\/p>\n\n\n\n<p><strong>Lea tambi\u00e9n<\/strong><\/p>\n\n\n\n<h3 class=\"wp-block-heading\">Reestructuran la Diecom<\/h3>\n\n\n\n<p>El decreto tambi\u00e9n designa a<strong>&nbsp;F\u00e9lix Antonio Reyna Echevarr\u00eda<\/strong>&nbsp;como director de la Direcci\u00f3n de Estrategia y Comunicaci\u00f3n Gubernamental (<strong>Diecom<\/strong>).<\/p>\n\n\n\n<p>Reyna Echevarr\u00eda se ha desempe\u00f1ado como&nbsp;<strong>vocero institucional<\/strong>&nbsp;en diversas dependencias del Estado, destac\u00e1ndose por su capacidad en coordinaci\u00f3n de equipos y dise\u00f1o de campa\u00f1as de comunicaci\u00f3n p\u00fablica.<\/p>\n\n\n\n<p>El&nbsp;<strong>periodista Alberto Caminero<\/strong>&nbsp;fue nombrado director de prensa de la&nbsp;<strong>Direcci\u00f3n de Prensa del Presidente<\/strong>. Caminero es periodista de larga trayectoria en medios nacionales e internacionales, especializado en comunicaci\u00f3n pol\u00edtica y cobertura de temas gubernamentales. Ha sido editor y director de secciones de prensa escrita y digital, adem\u00e1s de asesor en proyectos de comunicaci\u00f3n estrat\u00e9gica.<\/p>\n\n\n\n<p>Como subdirector de la Diecom fue designado&nbsp;<strong>Abel Jos\u00e9 Guzm\u00e1n Then,&nbsp;<\/strong>periodista y analista pol\u00edtico, quien ha ejercido como editor y columnista en medios de circulaci\u00f3n nacional y posee experiencia en gesti\u00f3n de equipos period\u00edsticos y an\u00e1lisis de coyuntura pol\u00edtica y social.<\/p>\n\n\n\n<p>\u201cCon estas designaciones, el presidente Abinader fortalece \u00e1reas estrat\u00e9gicas de la administraci\u00f3n p\u00fablica vinculadas a la econom\u00eda, la comunicaci\u00f3n gubernamental, la protecci\u00f3n social, la movilidad y la salud, reafirmando el compromiso del Gobierno de seguir impulsando la transparencia, la eficiencia y el servicio ciudadano en beneficio del pa\u00eds\u201d, cierra el documento de prensa.<\/p>\n\n\n\n<p><strong>Lea tambi\u00e9n<\/strong><\/p>\n\n\n\n<h3 class=\"wp-block-heading\">Fuera del Gobierno<\/h3>\n\n\n\n<p>La disposici\u00f3n gubernamental deja fuera del gobierno, hasta el momento, a&nbsp;<strong>V\u00edctor Castro<\/strong>, antiguo titular de&nbsp;<strong>Inabie&nbsp;<\/strong>;&nbsp;<strong>Santiago Hazim<\/strong>, quien ocupaba la direcci\u00f3n de&nbsp;<strong>SeNaSa<\/strong>;&nbsp;<strong>Homero Figueroa<\/strong>, quien fuese el vocero de la Presidencia;&nbsp;<strong>Daniel Garc\u00eda Archivald<\/strong>, el director de Prensa del Presidente;<strong>&nbsp;Jos\u00e9 Altagracia Gonz\u00e1lez<\/strong>, quien hasta ayer fue el director de la OMSA y&nbsp;<strong>Jos\u00e9 Garc\u00eda Ram\u00edrez<\/strong>, quien fuese el titular de Consejo Nacional de la Persona Envejeciente (Conape) y&nbsp;<strong>Juan Garrig\u00f3 Mej\u00eda.<\/strong><\/p>\n\n\n\n<h3 class=\"wp-block-heading\">Instituciones ac\u00e9falas<\/h3>\n\n\n\n<p>El decreto tambi\u00e9n dejo sin titulares a instituciones como&nbsp;<strong>PromeseCal<\/strong>, el Sistema de Transporte Estudiantil del Ministerio de Educaci\u00f3n (TRAE), el Consejo Nacional de Seguridad Social (CNSS) y el Conape.<\/p>\n","protected":false},"excerpt":{"rendered":"<p>Marcan el inicio formal del nuevo a\u00f1o del segundo per\u00edodo de Abinader. La medida dispone<\/p>\n","protected":false},"author":1,"featured_media":18487,"comment_status":"open","ping_status":"open","sticky":false,"template":"","format":"standard","meta":{"footnotes":""},"categories":[12],"tags":[],"class_list":["post-18486","post","type-post","status-publish","format-standard","has-post-thumbnail","hentry","category-nacionales"],"_links":{"self":[{"href":"https:\/\/samantharadionline.com\/index.php\/wp-json\/wp\/v2\/posts\/18486","targetHints":{"allow":["GET"]}}],"collection":[{"href":"https:\/\/samantharadionline.com\/index.php\/wp-json\/wp\/v2\/posts"}],"about":[{"href":"https:\/\/samantharadionline.com\/index.php\/wp-json\/wp\/v2\/types\/post"}],"author":[{"embeddable":true,"href":"https:\/\/samantharadionline.com\/index.php\/wp-json\/wp\/v2\/users\/1"}],"replies":[{"embeddable":true,"href":"https:\/\/samantharadionline.com\/index.php\/wp-json\/wp\/v2\/comments?post=18486"}],"version-history":[{"count":1,"href":"https:\/\/samantharadionline.com\/index.php\/wp-json\/wp\/v2\/posts\/18486\/revisions"}],"predecessor-version":[{"id":18488,"href":"https:\/\/samantharadionline.com\/index.php\/wp-json\/wp\/v2\/posts\/18486\/revisions\/18488"}],"wp:featuredmedia":[{"embeddable":true,"href":"https:\/\/samantharadionline.com\/index.php\/wp-json\/wp\/v2\/media\/18487"}],"wp:attachment":[{"href":"https:\/\/samantharadionline.com\/index.php\/wp-json\/wp\/v2\/media?parent=18486"}],"wp:term":[{"taxonomy":"category","embeddable":true,"href":"https:\/\/samantharadionline.com\/index.php\/wp-json\/wp\/v2\/categories?post=18486"},{"taxonomy":"post_tag","embeddable":true,"href":"https:\/\/samantharadionline.com\/index.php\/wp-json\/wp\/v2\/tags?post=18486"}],"curies":[{"name":"wp","href":"https:\/\/api.w.org\/{rel}","templated":true}]}}