{"id":18452,"date":"2025-08-16T21:37:36","date_gmt":"2025-08-17T01:37:36","guid":{"rendered":"https:\/\/samantharadionline.com\/?p=18452"},"modified":"2025-08-16T21:37:37","modified_gmt":"2025-08-17T01:37:37","slug":"banderas-rojas-en-todas-las-playas-de-puerto-plata-por-efectos-del-huracan-erin","status":"publish","type":"post","link":"https:\/\/samantharadionline.com\/index.php\/2025\/08\/16\/banderas-rojas-en-todas-las-playas-de-puerto-plata-por-efectos-del-huracan-erin\/","title":{"rendered":"Banderas rojas en todas las playas de Puerto Plata por efectos del hurac\u00e1n Erin"},"content":{"rendered":"\n<p class=\"has-medium-font-size\"><em>El Comit\u00e9 de Prevenci\u00f3n, Mitigaci\u00f3n y Respuesta ante Desastres tom\u00f3 la medida advirtiendo a los ciudadanos que est\u00e1 prohibido el ba\u00f1o en la zona<\/em><\/p>\n\n\n\n<p><strong>Santo Domingo, RD<\/strong><\/p>\n\n\n\n<p>La\u00a0<strong>Defensa Civil<\/strong>\u00a0inform\u00f3 la tarde de este s\u00e1bado sobre la colocaci\u00f3n de\u00a0<strong>banderas rojas\u00a0<\/strong>en todas las\u00a0<strong>playas de Puerto Plata<\/strong>\u00a0debido a vientos, oleajes y corrientes extremadamente peligrosas debido a los efectos del\u00a0<strong>hurac\u00e1n Erin.<\/strong><\/p>\n\n\n\n<p>El Comit\u00e9 de Prevenci\u00f3n, Mitigaci\u00f3n y Respuesta ante Desastres (CPMR) tom\u00f3 la medida advirtiendo a los ciudadanos que est\u00e1&nbsp;<strong>prohibido el ba\u00f1o en la zona.<\/strong><\/p>\n\n\n\n<p>Erin ya alcanz\u00f3 la&nbsp;<strong>categor\u00eda 5&nbsp;<\/strong>en la escala Saffir-Simpson, intensific\u00e1ndose r\u00e1pidamente hasta convertirse en \u00abcatastr\u00f3fico\u00bb, seg\u00fan meteor\u00f3logos.<\/p>\n\n\n\n<figure class=\"wp-block-image size-large\"><img loading=\"lazy\" decoding=\"async\" width=\"1024\" height=\"333\" src=\"https:\/\/samantharadionline.com\/wp-content\/uploads\/2025\/08\/image-2-1024x333.png\" alt=\"\" class=\"wp-image-18453\" srcset=\"https:\/\/samantharadionline.com\/wp-content\/uploads\/2025\/08\/image-2-1024x333.png 1024w, https:\/\/samantharadionline.com\/wp-content\/uploads\/2025\/08\/image-2-300x97.png 300w, https:\/\/samantharadionline.com\/wp-content\/uploads\/2025\/08\/image-2-768x249.png 768w, https:\/\/samantharadionline.com\/wp-content\/uploads\/2025\/08\/image-2.png 1170w\" sizes=\"auto, (max-width: 1024px) 100vw, 1024px\" \/><\/figure>\n\n\n\n<p>El\u00a0<strong>fen\u00f3meno\u00a0<\/strong>mantiene vientos m\u00e1ximos sostenidos cercanos a los 255 kil\u00f3metros por hora mientras avanza por el\u00a0<strong>Atl\u00e1ntico<\/strong>.<\/p>\n\n\n\n<h3 class=\"wp-block-heading\">Provincias en alerta<\/h3>\n\n\n\n<figure class=\"wp-block-image\" id=\"m32067-32066-32068\"><img decoding=\"async\" src=\"https:\/\/listindiario.com\/files\/vertical_main_image\/files\/fp\/uploads\/2025\/08\/16\/68a0b27ea4ef8.r_d.369-586.jpeg\" alt=\"El COE aument\u00f3 a 10 las provincias en alerta verde y coloc\u00f3 en alerta amarilla la franja costera desde La Altagracia hasta Monte Cristi.\"\/><figcaption class=\"wp-element-caption\">El COE aument\u00f3 a 10 las provincias en alerta verde y coloc\u00f3 en alerta amarilla la franja costera desde La Altagracia hasta Monte Cristi.Fuente externa<\/figcaption><\/figure>\n\n\n\n<p>Este s\u00e1bado fueron colocadas 10 provincias en alerta verde por el paso del<strong>&nbsp;hurac\u00e1n Erin.&nbsp;<\/strong><\/p>\n\n\n\n<p>El&nbsp;<strong>Centro de Operaciones de Emergencia (COE)<\/strong>&nbsp;tambi\u00e9n coloc\u00f3&nbsp;alerta amarilla en toda la franja costera desde&nbsp;<strong>La Altagracia&nbsp;<\/strong>hasta&nbsp;<strong>Monte Cristi.<\/strong><\/p>\n\n\n\n<p>Se encuentran en esta&nbsp;<strong>alerta&nbsp;<\/strong>La Altagracia, Hato Mayor, Espaillat, Monte Cristi, El Seibo, Saman\u00e1, Mar\u00eda Trinidad S\u00e1nchez y Puerto Plata.<\/p>\n\n\n\n<p>Juan Manuel M\u00e9ndez, director del organismo preventivo, agreg\u00f3 que queda prohibido que la poblaci\u00f3n se acerque a la costa a ver el oleaje, debido al peligro que implica, as\u00ed mismo queda prohibido el uso de playas y actividades acu\u00e1ticas en la costa atl\u00e1ntica.<\/p>\n\n\n\n<p>En paralelo, la<strong>&nbsp;Alcald\u00eda del Distrito Nacional<\/strong>&nbsp;(ADN) activ\u00f3 el Comit\u00e9 de Prevenci\u00f3n, Mitigaci\u00f3n de Respuesta ante Desastres del Distrito Nacional.<\/p>\n","protected":false},"excerpt":{"rendered":"<p>El Comit\u00e9 de Prevenci\u00f3n, Mitigaci\u00f3n y Respuesta ante Desastres tom\u00f3 la medida advirtiendo a los<\/p>\n","protected":false},"author":1,"featured_media":18454,"comment_status":"open","ping_status":"open","sticky":false,"template":"","format":"standard","meta":{"footnotes":""},"categories":[12],"tags":[],"class_list":["post-18452","post","type-post","status-publish","format-standard","has-post-thumbnail","hentry","category-nacionales"],"_links":{"self":[{"href":"https:\/\/samantharadionline.com\/index.php\/wp-json\/wp\/v2\/posts\/18452","targetHints":{"allow":["GET"]}}],"collection":[{"href":"https:\/\/samantharadionline.com\/index.php\/wp-json\/wp\/v2\/posts"}],"about":[{"href":"https:\/\/samantharadionline.com\/index.php\/wp-json\/wp\/v2\/types\/post"}],"author":[{"embeddable":true,"href":"https:\/\/samantharadionline.com\/index.php\/wp-json\/wp\/v2\/users\/1"}],"replies":[{"embeddable":true,"href":"https:\/\/samantharadionline.com\/index.php\/wp-json\/wp\/v2\/comments?post=18452"}],"version-history":[{"count":1,"href":"https:\/\/samantharadionline.com\/index.php\/wp-json\/wp\/v2\/posts\/18452\/revisions"}],"predecessor-version":[{"id":18455,"href":"https:\/\/samantharadionline.com\/index.php\/wp-json\/wp\/v2\/posts\/18452\/revisions\/18455"}],"wp:featuredmedia":[{"embeddable":true,"href":"https:\/\/samantharadionline.com\/index.php\/wp-json\/wp\/v2\/media\/18454"}],"wp:attachment":[{"href":"https:\/\/samantharadionline.com\/index.php\/wp-json\/wp\/v2\/media?parent=18452"}],"wp:term":[{"taxonomy":"category","embeddable":true,"href":"https:\/\/samantharadionline.com\/index.php\/wp-json\/wp\/v2\/categories?post=18452"},{"taxonomy":"post_tag","embeddable":true,"href":"https:\/\/samantharadionline.com\/index.php\/wp-json\/wp\/v2\/tags?post=18452"}],"curies":[{"name":"wp","href":"https:\/\/api.w.org\/{rel}","templated":true}]}}