{"id":18446,"date":"2025-08-16T21:31:55","date_gmt":"2025-08-17T01:31:55","guid":{"rendered":"https:\/\/samantharadionline.com\/?p=18446"},"modified":"2025-08-16T21:31:56","modified_gmt":"2025-08-17T01:31:56","slug":"confirman-que-gustavo-talmare-se-ahogo-en-una-laguna","status":"publish","type":"post","link":"https:\/\/samantharadionline.com\/index.php\/2025\/08\/16\/confirman-que-gustavo-talmare-se-ahogo-en-una-laguna\/","title":{"rendered":"Confirman que Gustavo Talmar\u00e9 se ahog\u00f3 en una laguna"},"content":{"rendered":"\n<p class=\"has-medium-font-size\"><em>El coronel Diego Pesqueira, vocero de la Polic\u00eda Nacional, dijo que Talmar\u00e9 expir\u00f3 por asfixia por inmersi\u00f3n, tal y como se report\u00f3 preliminarmente<\/em><\/p>\n\n\n\n<p><strong>Santo Domingo, RD.<\/strong><\/p>\n\n\n\n<p><strong>La Polic\u00eda Nacional&nbsp;<\/strong>confirm\u00f3 que&nbsp;<strong>Gustavo Talmar\u00e9,<\/strong>&nbsp;un prospecto de 14 a\u00f1os que estaba proyectado para recibir un&nbsp;<strong>bono cercano a los cuatro millones<\/strong>&nbsp;de d\u00f3lares en el mes de enero de 2027, falleci\u00f3 tras ahogarse en una laguna contigua a la&nbsp;<strong>Academia IPL, de Amaury Nina<\/strong>, en la comunidad El Toro, del municipio de Guerra.<\/p>\n\n\n\n<p><strong>El coronel Diego Pesqueira<\/strong>, vocero de la Polic\u00eda Nacional, inform\u00f3 que Talmar\u00e9, un portento jardinero que resid\u00eda en el&nbsp;<strong>barrio Los Frailes,<\/strong>&nbsp;expir\u00f3 por asfixia por inmersi\u00f3n, tal y como se report\u00f3 preliminarmente.<\/p>\n\n\n\n<p><strong>El cuerpo sin vida<\/strong>&nbsp;del joven pelotero fue recuperado por miembros de los organismos de socorro, como el 911 y la Fuerza A\u00e9rea Dominicana, quienes trabajaron toda la noche y la madrugada de este s\u00e1bado.<\/p>\n\n\n\n<p><strong>Valent\u00edn Contreras<\/strong>, directivo de la Liga de B\u00e9isbol Profesional de la Rep\u00fablica Dominicana (LIDOM) y coordinador del equipo quisqueyano que gan\u00f3 en 2024 la primera edici\u00f3n de la&nbsp;<strong>Serie del Caribe Kids<\/strong>, revel\u00f3 que en horas de la tarde del viernes convers\u00f3 con Talmar\u00e9.<\/p>\n\n\n\n<p>Mois\u00e9s Contreras, un hijo de Valent\u00edn, y Talmar\u00e9, ten\u00edan una gran amistad y que la conversaci\u00f3n que sostuvieron estuvo relacionada a eso.<\/p>\n\n\n\n<p><strong>\u201cEse e\u00b4 m\u00edo\u201d,<\/strong>&nbsp;le enfatiz\u00f3 \u00e9ste a Valent\u00edn, cuyo v\u00e1stago reside en Estados Unidos y se resiste a creer el inesperado suceso.<\/p>\n\n\n\n<p><strong>Talmar\u00e9 impuso r\u00e9cord&nbsp;<\/strong>de cuadrangulares (4) en la Serie del Caribe que tuvo lugar en Panam\u00e1 el pasado a\u00f1o, y tambi\u00e9n encabez\u00f3 el apartado de remolcadas. El premio de&nbsp;<strong>Jugador M\u00e1s Valioso<\/strong>&nbsp;lo obtuvo su compa\u00f1ero<strong>&nbsp;Juan de Pe\u00f1a<\/strong>.<\/p>\n\n\n\n<p><strong>Anyelo Feliz,<\/strong>&nbsp;con seis, quebr\u00f3 el pasado mes la marca de vuelacercas en la segunda versi\u00f3n de la justa, que tuvo lugar en Caracas, Venezuela.<\/p>\n\n\n\n<p><strong>Talmar\u00e9 y Keimel Paula<\/strong>, bateador designado, fueron incluidos en el equipo ideal del mundo de la&nbsp;<strong>VII Copa Mundial de B\u00e9isbol Sub-12<\/strong>&nbsp;de la WBSC celebrada en Taiw\u00e1n desde el pasado 28 de julio hasta el 6 de agosto.<\/p>\n\n\n\n<p><strong>La Academia Amaury Nina,<\/strong>&nbsp;dedicada a la formaci\u00f3n y desarrollo de talentos del b\u00e9isbol, expres\u00f3 su m\u00e1s profundo pesar por el fallecimiento del joven prospecto.<\/p>\n\n\n\n<p>El viernes en la tarde,&nbsp;<strong>Gustavo particip\u00f3<\/strong>&nbsp;en un juego de pr\u00e1ctica en las instalaciones del complejo y luego de terminar sali\u00f3 junto a otros cuatro compa\u00f1eros y se desplaz\u00f3 a la laguna situada donde ocurri\u00f3 la tragedia.<\/p>\n\n\n\n<p>\u201cEste es un momento devastador.&nbsp;<strong>Gustavo no solo era un talento<\/strong>&nbsp;prometedor, era un joven lleno de sue\u00f1os y cualidades humanas que lo hac\u00edan muy especial para todos. En nombre de la&nbsp;<strong>Academia Amaury Nina,&nbsp;<\/strong>enviamos nuestras m\u00e1s sinceras condolencias y toda nuestra solidaridad a sus padres, familiares y amigos en este momento tan doloroso\u201d, expres\u00f3 Amaury Nina, entrenador y propietario de la academia en un parte de prensa.<\/p>\n","protected":false},"excerpt":{"rendered":"<p>El coronel Diego Pesqueira, vocero de la Polic\u00eda Nacional, dijo que Talmar\u00e9 expir\u00f3 por asfixia<\/p>\n","protected":false},"author":1,"featured_media":18447,"comment_status":"open","ping_status":"open","sticky":false,"template":"","format":"standard","meta":{"footnotes":""},"categories":[14],"tags":[],"class_list":["post-18446","post","type-post","status-publish","format-standard","has-post-thumbnail","hentry","category-deportes"],"_links":{"self":[{"href":"https:\/\/samantharadionline.com\/index.php\/wp-json\/wp\/v2\/posts\/18446","targetHints":{"allow":["GET"]}}],"collection":[{"href":"https:\/\/samantharadionline.com\/index.php\/wp-json\/wp\/v2\/posts"}],"about":[{"href":"https:\/\/samantharadionline.com\/index.php\/wp-json\/wp\/v2\/types\/post"}],"author":[{"embeddable":true,"href":"https:\/\/samantharadionline.com\/index.php\/wp-json\/wp\/v2\/users\/1"}],"replies":[{"embeddable":true,"href":"https:\/\/samantharadionline.com\/index.php\/wp-json\/wp\/v2\/comments?post=18446"}],"version-history":[{"count":1,"href":"https:\/\/samantharadionline.com\/index.php\/wp-json\/wp\/v2\/posts\/18446\/revisions"}],"predecessor-version":[{"id":18448,"href":"https:\/\/samantharadionline.com\/index.php\/wp-json\/wp\/v2\/posts\/18446\/revisions\/18448"}],"wp:featuredmedia":[{"embeddable":true,"href":"https:\/\/samantharadionline.com\/index.php\/wp-json\/wp\/v2\/media\/18447"}],"wp:attachment":[{"href":"https:\/\/samantharadionline.com\/index.php\/wp-json\/wp\/v2\/media?parent=18446"}],"wp:term":[{"taxonomy":"category","embeddable":true,"href":"https:\/\/samantharadionline.com\/index.php\/wp-json\/wp\/v2\/categories?post=18446"},{"taxonomy":"post_tag","embeddable":true,"href":"https:\/\/samantharadionline.com\/index.php\/wp-json\/wp\/v2\/tags?post=18446"}],"curies":[{"name":"wp","href":"https:\/\/api.w.org\/{rel}","templated":true}]}}