{"id":18443,"date":"2025-08-16T21:29:20","date_gmt":"2025-08-17T01:29:20","guid":{"rendered":"https:\/\/samantharadionline.com\/?p=18443"},"modified":"2025-08-16T21:29:21","modified_gmt":"2025-08-17T01:29:21","slug":"presidente-de-la-republica-pide-disculpas-por-los-odiosos-apagones","status":"publish","type":"post","link":"https:\/\/samantharadionline.com\/index.php\/2025\/08\/16\/presidente-de-la-republica-pide-disculpas-por-los-odiosos-apagones\/","title":{"rendered":"Presidente de la Republica pide disculpas por los \u00abodiosos\u00bb apagones"},"content":{"rendered":"\n<p class=\"has-medium-font-size\"><em>El mandatario indic\u00f3 que los apagones son causados debido a la salida de la planta Punta Catalina 2, seguida de Los Mina II y Siba, lo que representa la que un 15 por ciento de la demanda nacional<\/em><\/p>\n\n\n\n<figure class=\"wp-block-image\"><img decoding=\"async\" src=\"https:\/\/listindiario.com\/files\/image_60_60\/uploads\/2023\/05\/16\/64638cfd2419c.jpeg\" alt=\"Avatar del Javier Flores\"\/><\/figure>\n\n\n\n<p><em>\u00a0<\/em>Javier Flores. <strong>Santo Domingo, RD<\/strong><\/p>\n\n\n\n<p>El presidente<strong>&nbsp;Luis Abinader<\/strong>&nbsp;pidi\u00f3 disculpas a la poblaci\u00f3n por la reciente ola de apagones que ha afectado al pa\u00eds en los \u00faltimos d\u00edas, causando protestas y quema de gomas en m\u00faltiples sectores.<\/p>\n\n\n\n<p>Tras un recorrido realizado por las plantas&nbsp;<strong>termoel\u00e9ctricas de Punta Catalina<\/strong>, el mandatario indic\u00f3 que los apagones son causados debido a la salida de la planta Punta Catalina 2, seguida de Los Mina II y Siba, lo que representa un 15 por ciento de la demanda nacional, que al momento de producirse la situaci\u00f3n sobrepasaba los 4,000 megas.<\/p>\n\n\n\n<p>\u201cEsa salida obviamente lleva apagones, esos odiosos apagones&nbsp;<strong>y los que m\u00e1s lo sufrimos somos nosotros<\/strong>&nbsp;porque realmente cuando el pueblo est\u00e1 sufriendo, estamos sufriendo todos; cuando el pueblo, con raz\u00f3n est\u00e1 molesto, eso a nosotros nos afecta y lo que queremos es tratar de resolver lo antes posible\u201d, manifest\u00f3 Abinader.<\/p>\n\n\n\n<p>Asimismo, el jefe de Estado se\u00f1al\u00f3 que en \u201clos pr\u00f3ximos seis meses\u201d entrar\u00e1n al sistema unos 600 megas de manera gradual que servir\u00e1n como contingencia en los casos de falla de Punta Catalina.<\/p>\n\n\n\n<p>Abinader afirm\u00f3 que se hacen las pruebas para iniciar con la generaci\u00f3n a partir de ma\u00f1ana en&nbsp;<strong>Punta Catalina 2<\/strong>, con lo que entrar\u00edan al sistema unos 360 megas; adem\u00e1s inform\u00f3 que ese mismo d\u00eda Los Mina II y Siba volver\u00edan a entrar al sistema nacional.<\/p>\n\n\n\n<p>El gobernante se\u00f1al\u00f3 que la entrada de esas plantas \u201creducir\u00e1n los apagones con la disminuci\u00f3n del d\u00e9ficit actual\u201d.<\/p>\n\n\n\n<p><strong>Explican falla<\/strong><\/p>\n\n\n\n<p>Durante el recorrido,&nbsp;<strong>Celso Marranzini<\/strong>, administrador general de la&nbsp;<strong>Empresa de Generaci\u00f3n El\u00e9ctrica Punta Catalina (Egepc)<\/strong>, junto al equipo t\u00e9cnico, le explic\u00f3 al jefe de Estado que luego de corregir la falla cr\u00edtica en uno de los tubos de la caldera, el equipo t\u00e9cnico, en coordinaci\u00f3n con los representantes del fabricante, realiz\u00f3 las mediciones de espesores en los tubos aleda\u00f1os con el fin de verificar su condici\u00f3n.<\/p>\n\n\n\n<p>\u00abPosteriormente, en el proceso de control de calidad y durante la prueba hidrost\u00e1tica de la caldera, se detectaron nuevos puntos de falla que actualmente est\u00e1n siendo corregidos. Una vez concluidas estas labores, se repetir\u00e1n las pruebas correspondientes y se avanzar\u00e1 hacia el encendido de la caldera\u00bb, dijo Marranzini al mandatario, citado por un comunicado de prensa de la Presidencia.<\/p>\n\n\n\n<p>Marranzini inform\u00f3 que los t\u00e9cnicos, durante el proceso de las inspecciones, identificaron varios tubos con espesores reducidos que requer\u00edan reparaci\u00f3n y de inmediato se procedi\u00f3 a subsanar la situaci\u00f3n.<\/p>\n\n\n\n<p>La termoel\u00e9ctrica sali\u00f3 de operaciones el pasado martes 12 de agosto producto de un pinche en uno de los tubos de la caldera y desde ese instante, seg\u00fan han dicho las autoridades, los t\u00e9cnicos de la generadora trabajan 24 horas para restablecer el servicio.<\/p>\n","protected":false},"excerpt":{"rendered":"<p>El mandatario indic\u00f3 que los apagones son causados debido a la salida de la planta<\/p>\n","protected":false},"author":1,"featured_media":18444,"comment_status":"open","ping_status":"open","sticky":false,"template":"","format":"standard","meta":{"footnotes":""},"categories":[10],"tags":[],"class_list":["post-18443","post","type-post","status-publish","format-standard","has-post-thumbnail","hentry","category-economica"],"_links":{"self":[{"href":"https:\/\/samantharadionline.com\/index.php\/wp-json\/wp\/v2\/posts\/18443","targetHints":{"allow":["GET"]}}],"collection":[{"href":"https:\/\/samantharadionline.com\/index.php\/wp-json\/wp\/v2\/posts"}],"about":[{"href":"https:\/\/samantharadionline.com\/index.php\/wp-json\/wp\/v2\/types\/post"}],"author":[{"embeddable":true,"href":"https:\/\/samantharadionline.com\/index.php\/wp-json\/wp\/v2\/users\/1"}],"replies":[{"embeddable":true,"href":"https:\/\/samantharadionline.com\/index.php\/wp-json\/wp\/v2\/comments?post=18443"}],"version-history":[{"count":1,"href":"https:\/\/samantharadionline.com\/index.php\/wp-json\/wp\/v2\/posts\/18443\/revisions"}],"predecessor-version":[{"id":18445,"href":"https:\/\/samantharadionline.com\/index.php\/wp-json\/wp\/v2\/posts\/18443\/revisions\/18445"}],"wp:featuredmedia":[{"embeddable":true,"href":"https:\/\/samantharadionline.com\/index.php\/wp-json\/wp\/v2\/media\/18444"}],"wp:attachment":[{"href":"https:\/\/samantharadionline.com\/index.php\/wp-json\/wp\/v2\/media?parent=18443"}],"wp:term":[{"taxonomy":"category","embeddable":true,"href":"https:\/\/samantharadionline.com\/index.php\/wp-json\/wp\/v2\/categories?post=18443"},{"taxonomy":"post_tag","embeddable":true,"href":"https:\/\/samantharadionline.com\/index.php\/wp-json\/wp\/v2\/tags?post=18443"}],"curies":[{"name":"wp","href":"https:\/\/api.w.org\/{rel}","templated":true}]}}