{"id":18440,"date":"2025-08-16T10:20:51","date_gmt":"2025-08-16T14:20:51","guid":{"rendered":"https:\/\/samantharadionline.com\/?p=18440"},"modified":"2025-08-16T10:20:52","modified_gmt":"2025-08-16T14:20:52","slug":"supremo-de-brasil-fallara-en-juicio-a-bolsonaro-por-golpismo","status":"publish","type":"post","link":"https:\/\/samantharadionline.com\/index.php\/2025\/08\/16\/supremo-de-brasil-fallara-en-juicio-a-bolsonaro-por-golpismo\/","title":{"rendered":"Supremo de Brasil fallar\u00e1 en juicio a Bolsonaro por golpismo"},"content":{"rendered":"\n<p class=\"has-medium-font-size\"><em>De ser hallado culpable, Bolsonaro, de 70 a\u00f1os, podr\u00eda enfrentar hasta 40 a\u00f1os de prisi\u00f3n<\/em><\/p>\n\n\n\n<p>Agencia AFP, <strong>Brasilia, Brasil<\/strong><\/p>\n\n\n\n<p>La corte suprema de&nbsp;<strong>Brasil&nbsp;<\/strong>decidir\u00e1 a partir del 2 de septiembre si el expresidente&nbsp;<strong>Jair Bolsonaro&nbsp;<\/strong>es culpable de haber tramado un golpe de Estado contra el mandatario&nbsp;<strong>Luiz In\u00e1cio Lula da Silva<\/strong>, lo que puede llevarlo a la c\u00e1rcel.<\/p>\n\n\n\n<p>El fallo de los magistrados concluir\u00e1 un proceso penal iniciado en marzo contra el exmandatario (2019-2022) por supuestamente haber intentado impedir la asunci\u00f3n de Lula, luego de que este lo derrotara en las elecciones de 2022.<\/p>\n\n\n\n<p>El magistrado<strong>&nbsp;Cristiano Zanin,&nbsp;<\/strong>presidente de la sala del supremo que lleva el juicio, convoc\u00f3 varias sesiones entre el 2 y el 12 de septiembre, aunque el veredicto puede tener lugar antes de esa \u00faltima fecha.<\/p>\n\n\n\n<p>De ser hallado culpable, Bolsonaro, de 70 a\u00f1os, podr\u00eda enfrentar hasta 40 a\u00f1os de prisi\u00f3n.<\/p>\n\n\n\n<p>Seg\u00fan la fiscal\u00eda, el supuesto plan golpista se habr\u00eda frustrado por falta de apoyo de la c\u00fapula de las fuerzas armadas.<\/p>\n\n\n\n<p>Bolsonaro, l\u00edder de la derecha y extrema derecha brasile\u00f1as, se ha declarado inocente y dice ser un \u00abperseguido\u00bb.<\/p>\n\n\n\n<p>El expresidente se encuentra en prisi\u00f3n domiciliaria preventiva desde principios de agosto, ya que el juez a cargo del caso, Alexandre de Moraes, consider\u00f3 que viol\u00f3 medidas cautelares que le prohib\u00edan manifestarse a trav\u00e9s de redes sociales.<\/p>\n\n\n\n<p>Pero este s\u00e1bado dejar\u00e1 su residencia temporalmente para realizarse ex\u00e1menes m\u00e9dicos en un centro hospitalario en&nbsp;<strong>Brasilia<\/strong>.<\/p>\n\n\n\n<p>El<strong>&nbsp;Supremo Tribunal Federal<\/strong>&nbsp;tambi\u00e9n juzga por golpismo a siete excolaboradores de Bolsonaro.<\/p>\n\n\n\n<p>El juicio ha desatado una crisis diplom\u00e1tica y comercial entre&nbsp;<strong>Estados Unidos<\/strong>&nbsp;y Brasil.<\/p>\n\n\n\n<p>El presidente estadounidense, Donald Trump, lo calific\u00f3 de \u00abcaza de brujas\u00bb y en represalia implement\u00f3 aranceles comerciales de hasta 50% a Brasil.<\/p>\n\n\n\n<p>Estados Unidos tambi\u00e9n impuso sanciones a\u00a0<strong>Moraes<\/strong>\u00a0y a otros siete magistrados de la corte.<\/p>\n\n\n\n<h3 class=\"wp-block-heading\">Veredicto por votaci\u00f3n<\/h3>\n\n\n\n<p>La sesi\u00f3n fijada para el 2 de septiembre comenzar\u00e1 con la lectura de Moraes de su relator\u00eda del juicio. Luego habr\u00e1 lugar para las \u00faltimas palabras de la&nbsp;<strong>fiscal\u00eda&nbsp;<\/strong>y las defensas.<\/p>\n\n\n\n<p>Finalmente, los jueces dar\u00e1n a conocer sus votos y sus justificaciones sobre la culpabilidad o inocencia de cada acusado en relaci\u00f3n con cada delito imputado.<\/p>\n\n\n\n<p>Se pronunciar\u00e1n por turnos y de forma oral y p\u00fablica. Los acusados, por su parte, pueden optar por estar presentes o no en la sala.<\/p>\n\n\n\n<p>Las fechas para emitir el veredicto sobre Bolsonaro se cruzan con la convocatoria el 7 de septiembre a manifestaciones en defensa del exmandatario en varias ciudades brasile\u00f1as.<\/p>\n\n\n\n<p>El llamado a esos actos hab\u00eda sido lanzado previamente, con motivo de la fiesta nacional.<\/p>\n\n\n\n<p>Durante el juicio, Bolsonaro no s\u00f3lo fue indagado sobre la presunta<strong>&nbsp;trama golpista<\/strong>&nbsp;sino tambi\u00e9n sobre un supuesto plan para asesinar al izquierdista Lula, a su vicepresidente Geraldo Alckmin y a Moraes.<\/p>\n\n\n\n<p>Bolsonaro neg\u00f3 la existencia de ese plan, aunque admiti\u00f3 haber evaluado \u00absi exist\u00eda alguna hip\u00f3tesis de un dispositivo constitucional\u00bb para impugnar los resultados de las presidenciales de 2022, que perdi\u00f3 por un estrecho margen y sobre las que a\u00fan hoy arroja sospechas de fraude.<\/p>\n\n\n\n<p>El&nbsp;<strong>capit\u00e1n retirado del Ej\u00e9rcito&nbsp;<\/strong>se encuentra inhabilitado electoralmente hasta 2030 por haber cuestionado sin pruebas la fiabilidad del sistema de votaci\u00f3n brasile\u00f1o, lo que le impide presentarse a los comicios del pr\u00f3ximo a\u00f1o.<\/p>\n\n\n\n<p>Bolsonaro tambi\u00e9n niega responsabilidad en los hechos del 8 de enero de 2023, cuando centenares de sus seguidores asaltaron las sedes de los poderes p\u00fablicos en Brasilia pocos d\u00edas despu\u00e9s de la asunci\u00f3n de Lula. La fiscal\u00eda ve los disturbios como un \u00faltimo intento del expresidente de aferrarse al poder.<\/p>\n","protected":false},"excerpt":{"rendered":"<p>De ser hallado culpable, Bolsonaro, de 70 a\u00f1os, podr\u00eda enfrentar hasta 40 a\u00f1os de prisi\u00f3n<\/p>\n","protected":false},"author":1,"featured_media":18441,"comment_status":"open","ping_status":"open","sticky":false,"template":"","format":"standard","meta":{"footnotes":""},"categories":[4],"tags":[],"class_list":["post-18440","post","type-post","status-publish","format-standard","has-post-thumbnail","hentry","category-mundiales"],"_links":{"self":[{"href":"https:\/\/samantharadionline.com\/index.php\/wp-json\/wp\/v2\/posts\/18440","targetHints":{"allow":["GET"]}}],"collection":[{"href":"https:\/\/samantharadionline.com\/index.php\/wp-json\/wp\/v2\/posts"}],"about":[{"href":"https:\/\/samantharadionline.com\/index.php\/wp-json\/wp\/v2\/types\/post"}],"author":[{"embeddable":true,"href":"https:\/\/samantharadionline.com\/index.php\/wp-json\/wp\/v2\/users\/1"}],"replies":[{"embeddable":true,"href":"https:\/\/samantharadionline.com\/index.php\/wp-json\/wp\/v2\/comments?post=18440"}],"version-history":[{"count":1,"href":"https:\/\/samantharadionline.com\/index.php\/wp-json\/wp\/v2\/posts\/18440\/revisions"}],"predecessor-version":[{"id":18442,"href":"https:\/\/samantharadionline.com\/index.php\/wp-json\/wp\/v2\/posts\/18440\/revisions\/18442"}],"wp:featuredmedia":[{"embeddable":true,"href":"https:\/\/samantharadionline.com\/index.php\/wp-json\/wp\/v2\/media\/18441"}],"wp:attachment":[{"href":"https:\/\/samantharadionline.com\/index.php\/wp-json\/wp\/v2\/media?parent=18440"}],"wp:term":[{"taxonomy":"category","embeddable":true,"href":"https:\/\/samantharadionline.com\/index.php\/wp-json\/wp\/v2\/categories?post=18440"},{"taxonomy":"post_tag","embeddable":true,"href":"https:\/\/samantharadionline.com\/index.php\/wp-json\/wp\/v2\/tags?post=18440"}],"curies":[{"name":"wp","href":"https:\/\/api.w.org\/{rel}","templated":true}]}}