{"id":18431,"date":"2025-08-16T09:58:36","date_gmt":"2025-08-16T13:58:36","guid":{"rendered":"https:\/\/samantharadionline.com\/?p=18431"},"modified":"2025-08-16T09:58:36","modified_gmt":"2025-08-16T13:58:36","slug":"entre-la-diplomacia-y-la-politica","status":"publish","type":"post","link":"https:\/\/samantharadionline.com\/index.php\/2025\/08\/16\/entre-la-diplomacia-y-la-politica\/","title":{"rendered":"Entre la diplomacia y la pol\u00edtica"},"content":{"rendered":"\n<p class=\"has-medium-font-size\"><em>El enfrentamiento con sus opositores y la cercan\u00eda hacia la comunidad internacional fueron dos de los elementos que marcaron este quinto a\u00f1o de gesti\u00f3n de Abinader<\/em><\/p>\n\n\n\n<figure class=\"wp-block-image\"><img decoding=\"async\" src=\"https:\/\/listindiario.com\/files\/image_60_60\/uploads\/2023\/05\/16\/64638cfd2419c.jpeg\" alt=\"Avatar del Javier Flores\"\/><\/figure>\n\n\n\n<p><em>\u00a0<\/em>Javier Flores, <strong>Santo Domingo, RD<\/strong><\/p>\n\n\n\n<p>Durante sus primeros a\u00f1os de Gobierno, el presidente Luis Abinader se mantuvo al margen de entrar en un intercambio de opiniones mediante declaraciones p\u00fablicas con los dirigentes de la oposici\u00f3n pol\u00edtica, dejando esa labor sus compa\u00f1eros en el Partido Revolucionario Moderno (PRM).<\/p>\n\n\n\n<p>Sin embargo, a medida que la campa\u00f1a pol\u00edtica del proceso electoral realizado en 2024 se iba incrementando, el mandatario comenzaba a lanzar ataques a la oposici\u00f3n y respondiendo a los se\u00f1alamientos que le hac\u00edan en declaraciones p\u00fablicas.<\/p>\n\n\n\n<p>La actitud de ataque y defensa se ha mantenido a\u00fan despu\u00e9s de que tomara posesi\u00f3n del Gobierno para un segundo per\u00edodo consecutivo el pasado 16 de agosto; a partir de all\u00ed, los enfrentamientos verbales entre Abinader y los l\u00edderes opositores se han acentuado, con los \u00faltimos quej\u00e1ndose de la forma en que el Poder Ejecutivo ha manejado varios temas, mientras que el mandatario solo se ha limitado a responder que cuando estos estuvieron a cargo, \u201cla situaci\u00f3n era peor\u201d.<\/p>\n\n\n\n<p>La primera disputa se realiz\u00f3 cuando el Gobierno oficializ\u00f3 su intenci\u00f3n de modificar la Constituci\u00f3n de la Rep\u00fablica en b\u00fasqueda de \u201cindependizar\u201d al Ministerio P\u00fablico, estableciendo que la figura del Procurador General de la Rep\u00fablica ser\u00e1 elegida por el Consejo Nacional de la Magistratura, a propuesta del Presidente de la Rep\u00fablica; la instalaci\u00f3n de una cl\u00e1usula p\u00e9trea\u201d que da car\u00e1cter de inmodificable al actual formato de elecci\u00f3n y reelecci\u00f3n y la modificaci\u00f3n de la composici\u00f3n de la C\u00e1mara de Diputados.<\/p>\n\n\n\n<p>En esa oportunidad, el expresidente Leonel Fern\u00e1ndez indic\u00f3 que la reforma constitucional, no ser\u00eda aceptada ni \u201cpor un estudiante de derecho\u201d ya que el actual mandatario est\u00e1 confundiendo las competencias y atribuciones del procurador general con las del Ministerio P\u00fablico, ya que, seg\u00fan destac\u00f3 el art\u00edculo 10 de la Constituci\u00f3n as\u00ed lo establece, debido a que otorga autonom\u00eda funcional, administrativa y presupuestaria; a lo que Abinader respondi\u00f3 que tienen contextos muy diferentes sobre el t\u00e9rmino de \u201cjusticia independiente\u201d.<\/p>\n\n\n\n<p>\u201c\u00c9l dice que es ahora independiente, quiere decir que Radames Jim\u00e9nez quien es ahora el secretario general de su partido y fue su procurador era independiente, entonces son posiciones diferentes y es normal que esas condiciones diferentes se le presenten al pa\u00eds, lo que yo estoy seguro que lo que estamos presentando es lo que le conviene a la democracia\u201d, fue la respuesta del mandatario ante el cuestionamiento.<\/p>\n\n\n\n<p>En esa misma oportunidad, su primera Semanal al asumir su segundo Gobierno, Abinader le respondi\u00f3 a los alegatos realizados por el Partido de la Liberaci\u00f3n Dominicana (PLD) y su presidente Danilo Medina quienes se\u00f1alaron que la modificaci\u00f3n constitucional del oficialismo era de \u201calto riesgo\u201d. El mandatario procedi\u00f3 a catalogar de la misma manera intento de modificaci\u00f3n a la Carta Magna en 2019 habr\u00eda tratado de buscar Medina para un tercer periodo de manera consecutiva.<\/p>\n\n\n\n<p>\u201cDe alto riesgo era el intento de modificar la reelecci\u00f3n en el 2019, eso s\u00ed era de alto riesgo para el pa\u00eds. Nosotros lo que queremos evitar es que ese intento pase de nuevo para que haya tranquilidad en la sociedad dominicana y para que esta sea, como he dicho, la primera de las reformas que va servir como la base para nosotros seguir desarrollando al pa\u00eds y duplicar la econom\u00eda para el 2036. Lo contrario, esto lo que va a llevar es tranquilidad y no estar cada ocho a\u00f1os que si se va a reelegir, si no se va reelegir\u201d, exclamaba Abinader.<\/p>\n\n\n\n<p>Ese primer intercambio del nuevo Gobierno marcar\u00eda el ritmo de lo que ser\u00edan los pr\u00f3ximos 12 meses, en donde los exmandatarios Fern\u00e1ndez y Medina, durante actividades de sus respectivos partidos, criticar\u00edan el accionar del Poder Ejecutivo, mientras el mandatario, se saltar\u00eda su propia regla de \u201cno hablar de pol\u00edtica en La Semanal\u201d para seguir a la defensa de las maniobras realizadas por la administraci\u00f3n gubernamental que encabeza.<\/p>\n\n\n\n<p>A partir de all\u00ed, temas educativos, econ\u00f3micos, sociales y migratorios ver\u00eda al mandatario y a sus dos antecesores enfrentados en la palestra p\u00fablica debatiendo sobre quien lo hizo mejor en determinados frentes. Sin embargo, fueron las diferencias sobre la aplicaci\u00f3n de las pol\u00edticas migratorias lo que permiti\u00f3 un encuentro sin precedentes en el pa\u00eds.<\/p>\n\n\n\n<p>En los d\u00edas finales del mes de abril, con el empeoramiento de la situaci\u00f3n en Hait\u00ed y en b\u00fasqueda de contrarrestar los efectos directos e indirectos de esta en el pa\u00eds, Abinader le lanz\u00f3 una invitaci\u00f3n a sus tres predecesores en el cargo, para establecer una \u201cposici\u00f3n nacional\u201d con relaci\u00f3n al tema.<\/p>\n\n\n\n<p>Tras varias semanas, y desacuerdos sobre el lugar donde se escenificar\u00eda la cumbre, la reuni\u00f3n multilateral entre las cuatro personas que han estado encargadas de dirigir y administrar los destinos del pa\u00eds en los \u00faltimos 29 a\u00f1os (Abinader, Medina, Fern\u00e1ndez e Hip\u00f3lito Mej\u00eda) se escenific\u00f3 en el Ministerio de Defensa con el objetivo de construir una postura unitaria frente a la creciente crisis en Hait\u00ed y su impacto en la seguridad nacional, la econom\u00eda y la estabilidad del pa\u00eds.<\/p>\n\n\n\n<p>De pronto, los l\u00edderes pol\u00edticos iniciaron acciones en b\u00fasqueda de mitigar el impacto de la crisis sociopol\u00edtica que afecta a Hait\u00ed y remitieron cartas oficiales a l\u00edderes de naciones clave del Consejo de Seguridad de la Organizaci\u00f3n de las Naciones Unidas (ONU), solicitando respaldo para transformar la Misi\u00f3n Multinacional de Apoyo a la Seguridad (MSS) en Hait\u00ed, en una misi\u00f3n h\u00edbrida con liderazgo log\u00edstico y operativo de las Naciones Unidas.<\/p>\n\n\n\n<p>Las misivas fueron enviadas a los jefes de Estado de los 15 pa\u00edses que son miembros del Consejo de Seguridad de la Organizaci\u00f3n de la ONU, entre ellos; Donald Trump (Estados Unidos), Vladimir Putin (Federaci\u00f3n de Rusia), Xi Jinping (Rep\u00fablica Popular China), Sir Keir Starmer (Reino Unido), Emmanuel Macron, (Francia), entre otros.<\/p>\n\n\n\n<p>La b\u00fasqueda de cooperaci\u00f3n internacional es otra de las aristas que caracterizaron este primer a\u00f1o del segundo per\u00edodo de Abinader; desde una conversaci\u00f3n personal con Trump, hasta la visita del canciller ruso, Sergei Lavrov, la Rep\u00fablica Dominicana se convirti\u00f3 en un foco de la diplomacia.<\/p>\n\n\n\n<p>Durante las honras f\u00fanebres del papa Francisco, Trump le expres\u00f3 al mandatario que a la Rep\u00fablica Dominicana \u201cle est\u00e1 yendo muy bien\u201d y que le \u201cpreocupa\u201d la situaci\u00f3n de Hait\u00ed. Abinader manifest\u00f3 que el presidente de los Estados Unidos le revel\u00f3 que le \u201cencanta\u201d el pa\u00eds.<\/p>\n\n\n\n<p>La conversaci\u00f3n entre Trump y Abinader sucedi\u00f3 en medio de las dos reuniones sostenidas entre Marco Rubio, secretario de Estado y el presidente dominicano.<\/p>\n\n\n\n<figure class=\"wp-block-image\" id=\"m8194-8193-8195\"><img decoding=\"async\" src=\"https:\/\/listindiario.com\/files\/vertical_main_image\/uploads\/2025\/08\/15\/689fd4db64628.jpeg\" alt=\"Rubio y Abinader se reunieron en el Palacio Nacional.\"\/><figcaption class=\"wp-element-caption\">Rubio y Abinader se reunieron en el Palacio Nacional.Jos\u00e9 Alberto Maldonado\/LD<\/figcaption><\/figure>\n\n\n\n<p>La primera fue en el Palacio Nacional en donde el funcionario estadounidense asegur\u00f3 que la naci\u00f3n norteamericana no le pedir\u00e1 a Rep\u00fablica Dominicana que acepte una ola masiva de migrantes, al tiempo que dijo que ning\u00fan pa\u00eds del mundo puede tolerar eso y, por lo tanto, no se le puede exigir a este pa\u00eds que lo haga; mientras que la segunda sucedi\u00f3 en Washington ocasi\u00f3n aprovechada por Abinader para reiterar la urgencia de una mayor intervenci\u00f3n internacional para enfrentar la crisis haitiana, enfatizando la necesidad de fortalecer el apoyo que evite detener el deterioro de la seguridad en el pa\u00eds vecino.<\/p>\n\n\n\n<p>Antes de la reuni\u00f3n con Rubio a la capital estadounidense, el ministro de Asuntos Exteriores de Rusia quien manifest\u00f3 que la Federaci\u00f3n de Rusia considera a Rep\u00fablica Dominicana como un \u00absocio prometedor\u00bb en Am\u00e9rica Latina y el Caribe y que las relaciones entre ambas naciones atraviesan uno de sus mejores momentos, destacando el fortalecimiento de la cooperaci\u00f3n econ\u00f3mica, comercial, tur\u00edstica, educativa y cultural.<\/p>\n","protected":false},"excerpt":{"rendered":"<p>El enfrentamiento con sus opositores y la cercan\u00eda hacia la comunidad internacional fueron dos de<\/p>\n","protected":false},"author":1,"featured_media":18432,"comment_status":"open","ping_status":"open","sticky":false,"template":"","format":"standard","meta":{"footnotes":""},"categories":[12],"tags":[],"class_list":["post-18431","post","type-post","status-publish","format-standard","has-post-thumbnail","hentry","category-nacionales"],"_links":{"self":[{"href":"https:\/\/samantharadionline.com\/index.php\/wp-json\/wp\/v2\/posts\/18431","targetHints":{"allow":["GET"]}}],"collection":[{"href":"https:\/\/samantharadionline.com\/index.php\/wp-json\/wp\/v2\/posts"}],"about":[{"href":"https:\/\/samantharadionline.com\/index.php\/wp-json\/wp\/v2\/types\/post"}],"author":[{"embeddable":true,"href":"https:\/\/samantharadionline.com\/index.php\/wp-json\/wp\/v2\/users\/1"}],"replies":[{"embeddable":true,"href":"https:\/\/samantharadionline.com\/index.php\/wp-json\/wp\/v2\/comments?post=18431"}],"version-history":[{"count":1,"href":"https:\/\/samantharadionline.com\/index.php\/wp-json\/wp\/v2\/posts\/18431\/revisions"}],"predecessor-version":[{"id":18433,"href":"https:\/\/samantharadionline.com\/index.php\/wp-json\/wp\/v2\/posts\/18431\/revisions\/18433"}],"wp:featuredmedia":[{"embeddable":true,"href":"https:\/\/samantharadionline.com\/index.php\/wp-json\/wp\/v2\/media\/18432"}],"wp:attachment":[{"href":"https:\/\/samantharadionline.com\/index.php\/wp-json\/wp\/v2\/media?parent=18431"}],"wp:term":[{"taxonomy":"category","embeddable":true,"href":"https:\/\/samantharadionline.com\/index.php\/wp-json\/wp\/v2\/categories?post=18431"},{"taxonomy":"post_tag","embeddable":true,"href":"https:\/\/samantharadionline.com\/index.php\/wp-json\/wp\/v2\/tags?post=18431"}],"curies":[{"name":"wp","href":"https:\/\/api.w.org\/{rel}","templated":true}]}}