{"id":18425,"date":"2025-08-16T09:51:29","date_gmt":"2025-08-16T13:51:29","guid":{"rendered":"https:\/\/samantharadionline.com\/?p=18425"},"modified":"2025-08-16T09:51:30","modified_gmt":"2025-08-16T13:51:30","slug":"se-esperan-fuertes-lluvias-desde-este-sabado","status":"publish","type":"post","link":"https:\/\/samantharadionline.com\/index.php\/2025\/08\/16\/se-esperan-fuertes-lluvias-desde-este-sabado\/","title":{"rendered":"Se esperan fuertes lluvias desde este s\u00e1bado"},"content":{"rendered":"\n<p class=\"has-medium-font-size\"><em>Indomet se\u00f1ala, que en la medida que estas condiciones contin\u00faen moviliz\u00e1ndose sobre el oeste\/noroeste del pa\u00eds, las lluvias se estar\u00e1n desplazando hacia otras \u00e1reas durante la tarde y noche<\/em><\/p>\n\n\n\n<p>L.D., <strong>Santo Domingo, RD<\/strong><\/p>\n\n\n\n<p>El&nbsp;<strong>Instituto Dominicano de Meteorolog\u00eda (Indomet)<\/strong>&nbsp;inform\u00f3 que los efectos asociados al hurac\u00e1n Erin estar\u00e1n deteriorando de manera gradual las condiciones meteorol\u00f3gicas del pa\u00eds, generando aguaceros desde la ma\u00f1ana de este s\u00e1bado,&nbsp;<strong>D\u00eda de la Restauraci\u00f3n<\/strong>.<\/p>\n\n\n\n<p>El Indomet pronostic\u00f3 que producto del hurac\u00e1n, que ya alcanz\u00f3 categor\u00eda 4, se esperan fuertes aguaceros, acompa\u00f1ados de tormentas el\u00e9ctricas y r\u00e1fagas de viento, en ocasiones, sobre el&nbsp;<strong>Gran Santo Domingo<\/strong>&nbsp;y otras provincias.<\/p>\n\n\n\n<p>Estas lluvias incidir\u00e1n sobre&nbsp;<strong>La Altagracia,<\/strong>&nbsp;Hato Mayor, La Romana, El Seibo, San Pedro de Macor\u00eds, Monte Plata,&nbsp;<strong>Saman\u00e1<\/strong>, S\u00e1nchez Ram\u00edrez, Duarte y Mar\u00eda Trinidad S\u00e1nchez.<\/p>\n\n\n\n<p>El organismo se\u00f1ala, que en la medida que estas condiciones contin\u00faen moviliz\u00e1ndose sobre el oeste\/noroeste del pa\u00eds,<strong>&nbsp;las lluvias se estar\u00e1n desplazando hacia otras \u00e1reas<\/strong>&nbsp;durante la tarde y noche.<\/p>\n\n\n\n<p>Las localidades donde se espera se extiendan estas lluvias son San Crist\u00f3bal, San Jos\u00e9 de Ocoa, La Vega, Monse\u00f1or Nouel, Santiago,<strong>&nbsp;Hermanas Mirabal,<\/strong>&nbsp;<strong>Puerto Plata<\/strong>, Monte Cristi, Dajabon, El\u00edas, Pi\u00f1a, Santiago Rodr\u00edguez, Valverde, Azua y San Juan.<\/p>\n\n\n\n<p>Se recomienda a los operadores de todas las embarcaciones permanecer en puerto en la costa Atlantica desde&nbsp;<strong>Cabo Enga\u00f1o, La Altagracia,<\/strong>&nbsp;hasta Monte Cristi y en la costa Caribe\u00f1a desde Isla Saona hasta Cabo Enga\u00f1o.<\/p>\n\n\n\n<p>El resto de la costa Caribe\u00f1a puede navegar con la debida precauci\u00f3n, precisa el informe mar\u00edtimo del Indomet.<\/p>\n\n\n\n<p>Se recomienda a toda la poblaci\u00f3n<strong>&nbsp;permanecer atentos a los boletines emitidos&nbsp;<\/strong>por los organismos pertinentes y las instituciones de protecci\u00f3n civil, puesto se esperan acumulados importantes que podr\u00edan generar crecidas de r\u00edos, arroyos y caminos; inundaciones urbanas y rurales, deslizamientos de tierra y derribos de \u00e1rboles y edificaciones.<\/p>\n\n\n\n<p>En ese sentido, el\u00a0<strong>Centro de Operaciones de Emergencia (COE)\u00a0<\/strong>coloc\u00f3 en alerta verde a todas las provincias de la costa del atl\u00e1ntico ante el paso del hurac\u00e1n Erin, primero de la temporada cicl\u00f3nica 2025.<\/p>\n\n\n\n<p>Las provincias en alerta verde son La Altagracia, Hato Mayor, Espaillat, Monte Cristi, El Seibo, Saman\u00e1, Mar\u00eda Trinidad S\u00e1nchez y Puerto Plata.<\/p>\n","protected":false},"excerpt":{"rendered":"<p>Indomet se\u00f1ala, que en la medida que estas condiciones contin\u00faen moviliz\u00e1ndose sobre el oeste\/noroeste del<\/p>\n","protected":false},"author":1,"featured_media":18426,"comment_status":"open","ping_status":"open","sticky":false,"template":"","format":"standard","meta":{"footnotes":""},"categories":[12],"tags":[],"class_list":["post-18425","post","type-post","status-publish","format-standard","has-post-thumbnail","hentry","category-nacionales"],"_links":{"self":[{"href":"https:\/\/samantharadionline.com\/index.php\/wp-json\/wp\/v2\/posts\/18425","targetHints":{"allow":["GET"]}}],"collection":[{"href":"https:\/\/samantharadionline.com\/index.php\/wp-json\/wp\/v2\/posts"}],"about":[{"href":"https:\/\/samantharadionline.com\/index.php\/wp-json\/wp\/v2\/types\/post"}],"author":[{"embeddable":true,"href":"https:\/\/samantharadionline.com\/index.php\/wp-json\/wp\/v2\/users\/1"}],"replies":[{"embeddable":true,"href":"https:\/\/samantharadionline.com\/index.php\/wp-json\/wp\/v2\/comments?post=18425"}],"version-history":[{"count":1,"href":"https:\/\/samantharadionline.com\/index.php\/wp-json\/wp\/v2\/posts\/18425\/revisions"}],"predecessor-version":[{"id":18427,"href":"https:\/\/samantharadionline.com\/index.php\/wp-json\/wp\/v2\/posts\/18425\/revisions\/18427"}],"wp:featuredmedia":[{"embeddable":true,"href":"https:\/\/samantharadionline.com\/index.php\/wp-json\/wp\/v2\/media\/18426"}],"wp:attachment":[{"href":"https:\/\/samantharadionline.com\/index.php\/wp-json\/wp\/v2\/media?parent=18425"}],"wp:term":[{"taxonomy":"category","embeddable":true,"href":"https:\/\/samantharadionline.com\/index.php\/wp-json\/wp\/v2\/categories?post=18425"},{"taxonomy":"post_tag","embeddable":true,"href":"https:\/\/samantharadionline.com\/index.php\/wp-json\/wp\/v2\/tags?post=18425"}],"curies":[{"name":"wp","href":"https:\/\/api.w.org\/{rel}","templated":true}]}}